{"id":5223,"date":"2024-09-23T16:56:46","date_gmt":"2024-09-23T19:56:46","guid":{"rendered":"https:\/\/clomid.live\/?p=5223"},"modified":"2024-09-23T16:56:47","modified_gmt":"2024-09-23T19:56:47","slug":"bem-estar-mental-a-importancia-de-cuidar-da-saude-mental","status":"publish","type":"post","link":"https:\/\/clomid.live\/fr\/bem-estar-mental-a-importancia-de-cuidar-da-saude-mental\/5223\/","title":{"rendered":"Bien-\u00eatre mental\u00a0: l\u2019importance de prendre soin de sa sant\u00e9 mentale"},"content":{"rendered":"<p>Le bien-\u00eatre mental est un aspect fondamental de notre sant\u00e9 globale, souvent n\u00e9glig\u00e9 au milieu des exigences quotidiennes de la vie. <\/p>\n\n\n\n<p>Il fait r\u00e9f\u00e9rence \u00e0 l&#039;\u00e9tat \u00e9motionnel, psychologique et social d&#039;un individu, qui influence la fa\u00e7on dont nous pensons, ressentons et agissons. <\/p>\n\n\n\n<p>Cela joue \u00e9galement un r\u00f4le essentiel dans la fa\u00e7on dont nous g\u00e9rons le stress, interagissons avec les autres et prenons des d\u00e9cisions. <\/p>\n\n\n\n<p>Par cons\u00e9quent, la promotion du bien-\u00eatre mental devrait \u00eatre une priorit\u00e9 tant au niveau individuel que communautaire.<\/p>\n\n\n\n<h4 class=\"wp-block-heading\">La pertinence du bien-\u00eatre mental<\/h4>\n\n\n\n<p>Le bien-\u00eatre mental ne se limite pas \u00e0 l\u2019absence de maladie mentale. Elle englobe une s\u00e9rie de facteurs qui contribuent \u00e0 une vie satisfaisante et productive. <\/p>\n\n\n\n<p>La recherche montre qu\u2019une bonne sant\u00e9 mentale est associ\u00e9e \u00e0 de meilleurs r\u00e9sultats dans plusieurs domaines, notamment la productivit\u00e9 au travail, des relations saines et une vie longue et saine. <\/p>\n\n\n\n<p>De plus, la promotion du bien-\u00eatre mental peut r\u00e9duire l\u2019incidence des maladies mentales, telles que la d\u00e9pression et l\u2019anxi\u00e9t\u00e9, qui touchent des millions de personnes dans le monde.<\/p>\n\n\n\n<h4 class=\"wp-block-heading\">Facteurs qui influencent le bien-\u00eatre mental<\/h4>\n\n\n\n<p>Plusieurs facteurs peuvent influencer le bien-\u00eatre mental d\u2019un individu. Ceux-ci incluent\u00a0:<\/p>\n\n\n\n<ol class=\"wp-block-list\">\n<li><strong>Facteurs biologiques<\/strong>: La g\u00e9n\u00e9tique, la chimie du cerveau et les probl\u00e8mes de sant\u00e9 physique peuvent avoir un impact sur la sant\u00e9 mentale. Certaines personnes peuvent \u00eatre plus pr\u00e9dispos\u00e9es \u00e0 d\u00e9velopper des maladies mentales en raison de facteurs h\u00e9r\u00e9ditaires.<\/li>\n\n\n\n<li><strong>Environnement social<\/strong>: Le soutien social est crucial. Avoir des amis et des membres de la famille qui nous offrent leur soutien peut faire une diff\u00e9rence significative dans la fa\u00e7on dont nous relevons les d\u00e9fis. En revanche, la solitude et l\u2019isolement social constituent des risques potentiels pour la sant\u00e9 mentale.<\/li>\n\n\n\n<li><strong>Exp\u00e9riences de vie<\/strong>: Des \u00e9v\u00e9nements stressants, comme la perte d&#039;un \u00eatre cher, un divorce ou des difficult\u00e9s financi\u00e8res, peuvent affecter le bien-\u00eatre mental. La fa\u00e7on dont une personne g\u00e8re ces exp\u00e9riences varie en fonction de sa r\u00e9silience et de ses capacit\u00e9s d\u2019adaptation.<\/li>\n\n\n\n<li><strong>Mode de vie<\/strong>: Des habitudes saines, comme une alimentation \u00e9quilibr\u00e9e, une activit\u00e9 physique r\u00e9guli\u00e8re et un sommeil suffisant, sont essentielles au maintien de la sant\u00e9 mentale. Une consommation excessive d\u2019alcool et de drogues peut avoir un impact n\u00e9gatif, tout comme le manque d\u2019exercice physique.<\/li>\n<\/ol>\n\n\n\n<h4 class=\"wp-block-heading\">Strat\u00e9gies pour promouvoir le bien-\u00eatre mental<\/h4>\n\n\n\n<p>Il existe plusieurs fa\u00e7ons de promouvoir le bien-\u00eatre mental. Certaines strat\u00e9gies incluent\u00a0:<\/p>\n\n\n\n<ol class=\"wp-block-list\">\n<li><strong>Pratiquer la pleine conscience<\/strong>: La pleine conscience implique d&#039;\u00eatre pr\u00e9sent dans l&#039;instant pr\u00e9sent et d&#039;accepter les sentiments et les pens\u00e9es sans jugement. Des techniques comme la m\u00e9ditation et la respiration profonde peuvent aider \u00e0 r\u00e9duire le stress et \u00e0 am\u00e9liorer la concentration.<\/li>\n\n\n\n<li><strong>Exercice r\u00e9gulier<\/strong>: L\u2019activit\u00e9 physique est une puissante alli\u00e9e de la sant\u00e9 mentale. Il lib\u00e8re des endorphines, des neurotransmetteurs qui am\u00e9liorent l&#039;humeur. Trouvez une activit\u00e9 que vous aimez, que ce soit la marche, la course, la danse ou le yoga.<\/li>\n\n\n\n<li><strong>Connexions sociales<\/strong>: Cultiver des relations significatives est essentiel. Prenez le temps de communiquer avec vos amis et votre famille, de rejoindre des groupes communautaires ou de nouer de nouvelles amiti\u00e9s.<\/li>\n\n\n\n<li><strong>Fixer des objectifs r\u00e9alistes<\/strong>: Fixer des objectifs r\u00e9alisables peut aider \u00e0 cr\u00e9er un sentiment d\u2019objectif et d\u2019accomplissement. C\u00e9l\u00e9brer de petites r\u00e9alisations peut accro\u00eetre la motivation et l\u2019estime de soi.<\/li>\n\n\n\n<li><strong>\u00c0 la recherche d&#039;une aide professionnelle<\/strong>: N&#039;h\u00e9sitez pas \u00e0 demander l&#039;aide d&#039;un professionnel si n\u00e9cessaire. Les th\u00e9rapeutes et les conseillers peuvent offrir un soutien pr\u00e9cieux et aider \u00e0 d\u00e9velopper des strat\u00e9gies d\u2019adaptation.<\/li>\n<\/ol>\n\n\n\n<h4 class=\"wp-block-heading\">L\u2019importance de la pr\u00e9vention<\/h4>\n\n\n\n<p>La promotion du bien-\u00eatre mental ne doit pas \u00eatre consid\u00e9r\u00e9e uniquement comme une r\u00e9ponse aux crises, mais comme une pratique pr\u00e9ventive. <\/p>\n\n\n\n<p>Investir dans des programmes de sant\u00e9 mentale dans les \u00e9coles, les lieux de travail et les communaut\u00e9s peut contribuer \u00e0 un environnement plus sain et plus r\u00e9silient. <\/p>\n\n\n\n<p>Cela aide non seulement les individus \u00e0 mieux faire face \u00e0 leurs difficult\u00e9s, mais peut \u00e9galement r\u00e9duire les co\u00fbts sociaux et \u00e9conomiques associ\u00e9s \u00e0 la maladie mentale.<\/p>\n\n\n\n<h4 class=\"wp-block-heading\">Conclusion<\/h4>\n\n\n\n<p>LE <a href=\"https:\/\/mentalhealthtx.org\/pt-br\/bem-estar-de-saude-mental\/\">bien-\u00eatre mental<\/a> c\u2019est un \u00e9l\u00e9ment essentiel de la sant\u00e9 mondiale. En reconnaissant son importance et en adoptant des strat\u00e9gies pour la promouvoir, nous pouvons am\u00e9liorer notre qualit\u00e9 de vie et celle de ceux qui nous entourent. <\/p>\n\n\n\n<p>Prendre soin de la sant\u00e9 mentale est un investissement qui apporte des b\u00e9n\u00e9fices \u00e0 court et \u00e0 long terme, cr\u00e9ant une soci\u00e9t\u00e9 plus saine, plus empathique et plus r\u00e9siliente. <\/p>\n\n\n\n<p>Il est donc essentiel que chacun fasse des soins de sant\u00e9 mentale une priorit\u00e9, en cultivant une <a href=\"https:\/\/clomid.live\/fr\/5220\/bem-estar-emocional-a-chave-para-uma-vida-plena\/\">environnement o\u00f9 le bien-\u00eatre est valoris\u00e9 et promu<\/a>.<\/p>","protected":false},"excerpt":{"rendered":"<p>Le bien-\u00eatre mental est un aspect fondamental de notre sant\u00e9 globale, souvent n\u00e9glig\u00e9 au milieu des exigences quotidiennes de la vie. Il fait r\u00e9f\u00e9rence \u00e0 l\u2019\u00e9tat \u00e9motionnel, psychologique et social\u2026 <\/p>","protected":false},"author":10,"featured_media":5225,"comment_status":"closed","ping_status":"open","sticky":false,"template":"","format":"standard","meta":{"footnotes":""},"categories":[103],"tags":[622,621,614,623,169,613,619,624,620,618,615,176,625,616,617],"class_list":["post-5223","post","type-post","status-publish","format-standard","has-post-thumbnail","hentry","category-bem-estar","tag-atencaoplena","tag-autocuidado-2","tag-bemestarmental","tag-estrategiasdeenfrentamento","tag-exerciciofisico","tag-mindfulness-2","tag-qualidadedevida","tag-resiliencia","tag-saudeemental","tag-saudeemocional","tag-saudeholistica","tag-saudemental","tag-saudepsicologica","tag-suportesocial","tag-terapia-2","latest_post"],"yoast_head":"<!-- This site is optimized with the Yoast SEO plugin v26.3 - https:\/\/yoast.com\/wordpress\/plugins\/seo\/ -->\n<title>Bem-Estar Mental: A Import\u00e2ncia de Cuidar da Sa\u00fade Mental - Clomid<\/title>\n<meta name=\"description\" content=\"O bem-estar mental \u00e9 um aspecto fundamental da nossa sa\u00fade geral, muitas vezes negligenciado em meio \u00e0s demandas di\u00e1rias da vida.\" \/>\n<meta name=\"robots\" content=\"index, follow, max-snippet:-1, max-image-preview:large, max-video-preview:-1\" \/>\n<link rel=\"canonical\" href=\"https:\/\/clomid.live\/fr\/bem-estar-mental-a-importancia-de-cuidar-da-saude-mental\/5223\/\" \/>\n<meta property=\"og:locale\" content=\"fr_FR\" \/>\n<meta property=\"og:type\" content=\"article\" \/>\n<meta property=\"og:title\" content=\"Bem-Estar Mental: A Import\u00e2ncia de Cuidar da Sa\u00fade Mental - Clomid\" \/>\n<meta property=\"og:description\" content=\"O bem-estar mental \u00e9 um aspecto fundamental da nossa sa\u00fade geral, muitas vezes negligenciado em meio \u00e0s demandas di\u00e1rias da vida.\" \/>\n<meta property=\"og:url\" content=\"https:\/\/clomid.live\/fr\/bem-estar-mental-a-importancia-de-cuidar-da-saude-mental\/5223\/\" \/>\n<meta property=\"og:site_name\" content=\"Clomid\" \/>\n<meta property=\"article:published_time\" content=\"2024-09-23T19:56:46+00:00\" \/>\n<meta property=\"article:modified_time\" content=\"2024-09-23T19:56:47+00:00\" \/>\n<meta property=\"og:image\" content=\"https:\/\/clomid.live\/wp-content\/uploads\/2024\/09\/imagem-ilustrativa-de-mulher-pensando-em-bem-estar-e-autoestima.webp\" \/>\n\t<meta property=\"og:image:width\" content=\"1374\" \/>\n\t<meta property=\"og:image:height\" content=\"915\" \/>\n\t<meta property=\"og:image:type\" content=\"image\/webp\" \/>\n<meta name=\"author\" content=\"Admin\" \/>\n<meta name=\"twitter:card\" content=\"summary_large_image\" \/>\n<meta name=\"twitter:label1\" content=\"\u00c9crit par\" \/>\n\t<meta name=\"twitter:data1\" content=\"Admin\" \/>\n\t<meta name=\"twitter:label2\" content=\"Dur\u00e9e de lecture estim\u00e9e\" \/>\n\t<meta name=\"twitter:data2\" content=\"4 minutes\" \/>\n<script type=\"application\/ld+json\" class=\"yoast-schema-graph\">{\"@context\":\"https:\/\/schema.org\",\"@graph\":[{\"@type\":\"WebPage\",\"@id\":\"https:\/\/clomid.live\/es\/bem-estar-mental-a-importancia-de-cuidar-da-saude-mental\/5223\/\",\"url\":\"https:\/\/clomid.live\/es\/bem-estar-mental-a-importancia-de-cuidar-da-saude-mental\/5223\/\",\"name\":\"Bem-Estar Mental: A Import\u00e2ncia de Cuidar da Sa\u00fade Mental - Clomid\",\"isPartOf\":{\"@id\":\"https:\/\/clomid.live\/#website\"},\"primaryImageOfPage\":{\"@id\":\"https:\/\/clomid.live\/es\/bem-estar-mental-a-importancia-de-cuidar-da-saude-mental\/5223\/#primaryimage\"},\"image\":{\"@id\":\"https:\/\/clomid.live\/es\/bem-estar-mental-a-importancia-de-cuidar-da-saude-mental\/5223\/#primaryimage\"},\"thumbnailUrl\":\"https:\/\/clomid.live\/wp-content\/uploads\/2024\/09\/imagem-ilustrativa-de-mulher-pensando-em-bem-estar-e-autoestima.webp\",\"datePublished\":\"2024-09-23T19:56:46+00:00\",\"dateModified\":\"2024-09-23T19:56:47+00:00\",\"author\":{\"@id\":\"https:\/\/clomid.live\/#\/schema\/person\/4ccb67d5b53b2fcd8bf4313b2373524e\"},\"description\":\"O bem-estar mental \u00e9 um aspecto fundamental da nossa sa\u00fade geral, muitas vezes negligenciado em meio \u00e0s demandas di\u00e1rias da vida.\",\"breadcrumb\":{\"@id\":\"https:\/\/clomid.live\/es\/bem-estar-mental-a-importancia-de-cuidar-da-saude-mental\/5223\/#breadcrumb\"},\"inLanguage\":\"fr-FR\",\"potentialAction\":[{\"@type\":\"ReadAction\",\"target\":[\"https:\/\/clomid.live\/es\/bem-estar-mental-a-importancia-de-cuidar-da-saude-mental\/5223\/\"]}]},{\"@type\":\"ImageObject\",\"inLanguage\":\"fr-FR\",\"@id\":\"https:\/\/clomid.live\/es\/bem-estar-mental-a-importancia-de-cuidar-da-saude-mental\/5223\/#primaryimage\",\"url\":\"https:\/\/clomid.live\/wp-content\/uploads\/2024\/09\/imagem-ilustrativa-de-mulher-pensando-em-bem-estar-e-autoestima.webp\",\"contentUrl\":\"https:\/\/clomid.live\/wp-content\/uploads\/2024\/09\/imagem-ilustrativa-de-mulher-pensando-em-bem-estar-e-autoestima.webp\",\"width\":1374,\"height\":915,\"caption\":\"Bem-Estar Mental\"},{\"@type\":\"BreadcrumbList\",\"@id\":\"https:\/\/clomid.live\/es\/bem-estar-mental-a-importancia-de-cuidar-da-saude-mental\/5223\/#breadcrumb\",\"itemListElement\":[{\"@type\":\"ListItem\",\"position\":1,\"name\":\"Home\",\"item\":\"https:\/\/clomid.live\/\"},{\"@type\":\"ListItem\",\"position\":2,\"name\":\"Bem-Estar Mental: A Import\u00e2ncia de Cuidar da Sa\u00fade Mental\"}]},{\"@type\":\"WebSite\",\"@id\":\"https:\/\/clomid.live\/#website\",\"url\":\"https:\/\/clomid.live\/\",\"name\":\"Clomid\",\"description\":\"\",\"potentialAction\":[{\"@type\":\"SearchAction\",\"target\":{\"@type\":\"EntryPoint\",\"urlTemplate\":\"https:\/\/clomid.live\/?s={search_term_string}\"},\"query-input\":{\"@type\":\"PropertyValueSpecification\",\"valueRequired\":true,\"valueName\":\"search_term_string\"}}],\"inLanguage\":\"fr-FR\"},{\"@type\":\"Person\",\"@id\":\"https:\/\/clomid.live\/#\/schema\/person\/4ccb67d5b53b2fcd8bf4313b2373524e\",\"name\":\"Admin\",\"image\":{\"@type\":\"ImageObject\",\"inLanguage\":\"fr-FR\",\"@id\":\"https:\/\/clomid.live\/#\/schema\/person\/image\/\",\"url\":\"https:\/\/clomid.live\/wp-content\/litespeed\/avatar\/ce2915c809a1ed29775d97a815a2d49d.jpg?ver=1777474503\",\"contentUrl\":\"https:\/\/clomid.live\/wp-content\/litespeed\/avatar\/ce2915c809a1ed29775d97a815a2d49d.jpg?ver=1777474503\",\"caption\":\"Admin\"},\"url\":\"https:\/\/clomid.live\/fr\/author\/admin\/\"}]}<\/script>\n<!-- \/ Yoast SEO plugin. -->","yoast_head_json":{"title":"Bem-Estar Mental: A Import\u00e2ncia de Cuidar da Sa\u00fade Mental - Clomid","description":"Le bien-\u00eatre mental est un aspect fondamental de notre sant\u00e9 globale, souvent n\u00e9glig\u00e9 au milieu des exigences quotidiennes de la vie.","robots":{"index":"index","follow":"follow","max-snippet":"max-snippet:-1","max-image-preview":"max-image-preview:large","max-video-preview":"max-video-preview:-1"},"canonical":"https:\/\/clomid.live\/fr\/bem-estar-mental-a-importancia-de-cuidar-da-saude-mental\/5223\/","og_locale":"fr_FR","og_type":"article","og_title":"Bem-Estar Mental: A Import\u00e2ncia de Cuidar da Sa\u00fade Mental - Clomid","og_description":"O bem-estar mental \u00e9 um aspecto fundamental da nossa sa\u00fade geral, muitas vezes negligenciado em meio \u00e0s demandas di\u00e1rias da vida.","og_url":"https:\/\/clomid.live\/fr\/bem-estar-mental-a-importancia-de-cuidar-da-saude-mental\/5223\/","og_site_name":"Clomid","article_published_time":"2024-09-23T19:56:46+00:00","article_modified_time":"2024-09-23T19:56:47+00:00","og_image":[{"width":1374,"height":915,"url":"https:\/\/clomid.live\/wp-content\/uploads\/2024\/09\/imagem-ilustrativa-de-mulher-pensando-em-bem-estar-e-autoestima.webp","type":"image\/webp"}],"author":"Admin","twitter_card":"summary_large_image","twitter_misc":{"\u00c9crit par":"Admin","Dur\u00e9e de lecture estim\u00e9e":"4 minutes"},"schema":{"@context":"https:\/\/schema.org","@graph":[{"@type":"WebPage","@id":"https:\/\/clomid.live\/es\/bem-estar-mental-a-importancia-de-cuidar-da-saude-mental\/5223\/","url":"https:\/\/clomid.live\/es\/bem-estar-mental-a-importancia-de-cuidar-da-saude-mental\/5223\/","name":"Bem-Estar Mental: A Import\u00e2ncia de Cuidar da Sa\u00fade Mental - Clomid","isPartOf":{"@id":"https:\/\/clomid.live\/#website"},"primaryImageOfPage":{"@id":"https:\/\/clomid.live\/es\/bem-estar-mental-a-importancia-de-cuidar-da-saude-mental\/5223\/#primaryimage"},"image":{"@id":"https:\/\/clomid.live\/es\/bem-estar-mental-a-importancia-de-cuidar-da-saude-mental\/5223\/#primaryimage"},"thumbnailUrl":"https:\/\/clomid.live\/wp-content\/uploads\/2024\/09\/imagem-ilustrativa-de-mulher-pensando-em-bem-estar-e-autoestima.webp","datePublished":"2024-09-23T19:56:46+00:00","dateModified":"2024-09-23T19:56:47+00:00","author":{"@id":"https:\/\/clomid.live\/#\/schema\/person\/4ccb67d5b53b2fcd8bf4313b2373524e"},"description":"Le bien-\u00eatre mental est un aspect fondamental de notre sant\u00e9 globale, souvent n\u00e9glig\u00e9 au milieu des exigences quotidiennes de la vie.","breadcrumb":{"@id":"https:\/\/clomid.live\/es\/bem-estar-mental-a-importancia-de-cuidar-da-saude-mental\/5223\/#breadcrumb"},"inLanguage":"fr-FR","potentialAction":[{"@type":"ReadAction","target":["https:\/\/clomid.live\/es\/bem-estar-mental-a-importancia-de-cuidar-da-saude-mental\/5223\/"]}]},{"@type":"ImageObject","inLanguage":"fr-FR","@id":"https:\/\/clomid.live\/es\/bem-estar-mental-a-importancia-de-cuidar-da-saude-mental\/5223\/#primaryimage","url":"https:\/\/clomid.live\/wp-content\/uploads\/2024\/09\/imagem-ilustrativa-de-mulher-pensando-em-bem-estar-e-autoestima.webp","contentUrl":"https:\/\/clomid.live\/wp-content\/uploads\/2024\/09\/imagem-ilustrativa-de-mulher-pensando-em-bem-estar-e-autoestima.webp","width":1374,"height":915,"caption":"Bem-Estar Mental"},{"@type":"BreadcrumbList","@id":"https:\/\/clomid.live\/es\/bem-estar-mental-a-importancia-de-cuidar-da-saude-mental\/5223\/#breadcrumb","itemListElement":[{"@type":"ListItem","position":1,"name":"Home","item":"https:\/\/clomid.live\/"},{"@type":"ListItem","position":2,"name":"Bem-Estar Mental: A Import\u00e2ncia de Cuidar da Sa\u00fade Mental"}]},{"@type":"WebSite","@id":"https:\/\/clomid.live\/#website","url":"https:\/\/clomid.live\/","name":"Clomid","description":"","potentialAction":[{"@type":"SearchAction","target":{"@type":"EntryPoint","urlTemplate":"https:\/\/clomid.live\/?s={search_term_string}"},"query-input":{"@type":"PropertyValueSpecification","valueRequired":true,"valueName":"search_term_string"}}],"inLanguage":"fr-FR"},{"@type":"Person","@id":"https:\/\/clomid.live\/#\/schema\/person\/4ccb67d5b53b2fcd8bf4313b2373524e","name":"Admin","image":{"@type":"ImageObject","inLanguage":"fr-FR","@id":"https:\/\/clomid.live\/#\/schema\/person\/image\/","url":"https:\/\/clomid.live\/wp-content\/litespeed\/avatar\/ce2915c809a1ed29775d97a815a2d49d.jpg?ver=1777474503","contentUrl":"https:\/\/clomid.live\/wp-content\/litespeed\/avatar\/ce2915c809a1ed29775d97a815a2d49d.jpg?ver=1777474503","caption":"Admin"},"url":"https:\/\/clomid.live\/fr\/author\/admin\/"}]}},"_links":{"self":[{"href":"https:\/\/clomid.live\/fr\/wp-json\/wp\/v2\/posts\/5223","targetHints":{"allow":["GET"]}}],"collection":[{"href":"https:\/\/clomid.live\/fr\/wp-json\/wp\/v2\/posts"}],"about":[{"href":"https:\/\/clomid.live\/fr\/wp-json\/wp\/v2\/types\/post"}],"author":[{"embeddable":true,"href":"https:\/\/clomid.live\/fr\/wp-json\/wp\/v2\/users\/10"}],"replies":[{"embeddable":true,"href":"https:\/\/clomid.live\/fr\/wp-json\/wp\/v2\/comments?post=5223"}],"version-history":[{"count":1,"href":"https:\/\/clomid.live\/fr\/wp-json\/wp\/v2\/posts\/5223\/revisions"}],"predecessor-version":[{"id":5224,"href":"https:\/\/clomid.live\/fr\/wp-json\/wp\/v2\/posts\/5223\/revisions\/5224"}],"wp:featuredmedia":[{"embeddable":true,"href":"https:\/\/clomid.live\/fr\/wp-json\/wp\/v2\/media\/5225"}],"wp:attachment":[{"href":"https:\/\/clomid.live\/fr\/wp-json\/wp\/v2\/media?parent=5223"}],"wp:term":[{"taxonomy":"category","embeddable":true,"href":"https:\/\/clomid.live\/fr\/wp-json\/wp\/v2\/categories?post=5223"},{"taxonomy":"post_tag","embeddable":true,"href":"https:\/\/clomid.live\/fr\/wp-json\/wp\/v2\/tags?post=5223"}],"curies":[{"name":"wp","href":"https:\/\/api.w.org\/{rel}","templated":true}]}}