{"id":5208,"date":"2024-09-23T15:53:33","date_gmt":"2024-09-23T18:53:33","guid":{"rendered":"https:\/\/clomid.live\/?p=5208"},"modified":"2024-09-23T15:53:34","modified_gmt":"2024-09-23T18:53:34","slug":"bem-estar-social-um-pilar-para-a-qualidade-de-vida","status":"publish","type":"post","link":"https:\/\/clomid.live\/ro\/bem-estar-social-um-pilar-para-a-qualidade-de-vida\/5208\/","title":{"rendered":"Bun\u0103starea social\u0103: un pilon pentru calitatea vie\u021bii"},"content":{"rendered":"<p>O <a href=\"https:\/\/clomid.live\/ro\/5205\/o-caminho-para-o-bem-estar-cuidando-do-corpo-e-da-mente\/\">asisten\u021ba social\u0103 este un concept larg<\/a> \u0219i multifa\u021betat\u0103 care cuprinde condi\u021biile necesare pentru a garanta o via\u021b\u0103 demn\u0103, sigur\u0103 \u0219i prosper\u0103 pentru indivizii dintr-o societate. <\/p>\n\n\n\n<p>Acoper\u0103 nu doar aspecte economice, ci \u0219i factori emo\u021bionali, fizici, psihologici \u0219i sociali. <\/p>\n\n\n\n<p>No\u021biunea de bun\u0103stare social\u0103 este intrinsec legat\u0103 de justi\u021bia social\u0103, drepturile omului \u0219i egalitatea de \u0219anse. <\/p>\n\n\n\n<p>Pe m\u0103sur\u0103 ce lumea se dezvolt\u0103 \u0219i se confrunt\u0103 cu noi provoc\u0103ri, precum globalizarea, crizele economice \u0219i schimb\u0103rile climatice, promovarea bun\u0103st\u0103rii sociale devine din ce \u00een ce mai esen\u021bial\u0103.<\/p>\n\n\n\n<h3 class=\"wp-block-heading\">Defini\u021bia \u0219i elementele bun\u0103st\u0103rii sociale<\/h3>\n\n\n\n<p>O <a href=\"https:\/\/pt.wikipedia.org\/wiki\/Estado_de_bem-estar_social\">bun\u0103starea social\u0103 poate fi \u00een\u021beleas\u0103<\/a> ca ansamblul condi\u021biilor care permit indivizilor \u0219i grupurilor sociale s\u0103 ating\u0103 o calitate a vie\u021bii satisf\u0103c\u0103toare. <\/p>\n\n\n\n<p>Aceasta include accesul la educa\u021bie, s\u0103n\u0103tate, siguran\u021b\u0103, locuin\u021b\u0103, locuri de munc\u0103 \u0219i un mediu s\u0103n\u0103tos. <\/p>\n\n\n\n<p>Totu\u0219i, mai mult dec\u00e2t satisfacerea nevoilor de baz\u0103, asisten\u021ba social\u0103 \u00ee\u0219i propune s\u0103 ofere o via\u021b\u0103 plin\u0103 de oportunit\u0103\u021bi \u0219i realiz\u0103ri.<\/p>\n\n\n\n<p>Printre elementele care constituie bun\u0103starea social\u0103, putem eviden\u021bia:<\/p>\n\n\n\n<ol class=\"wp-block-list\">\n<li><strong>Securitate economic\u0103<\/strong>Accesul la un loc de munc\u0103 stabil \u0219i la un venit adecvat este esen\u021bial pentru ca oamenii s\u0103 \u00ee\u0219i poat\u0103 satisface nevoile de baz\u0103, cum ar fi hrana, locuin\u021ba \u0219i \u00eembr\u0103c\u0103mintea. Securitatea economic\u0103 implic\u0103 \u0219i protec\u021bia \u00eempotriva riscurilor precum \u0219omajul, accidentele \u0219i bolile.<\/li>\n\n\n\n<li><strong>Acces la s\u0103n\u0103tate<\/strong>S\u0103n\u0103tatea este o component\u0103 central\u0103 a bun\u0103st\u0103rii. Accesul la servicii de s\u0103n\u0103tate de calitate, inclusiv \u00eengrijire preventiv\u0103, tratament al bolilor \u0219i asisten\u021b\u0103 pentru s\u0103n\u0103tatea mintal\u0103, este crucial pentru a asigura o via\u021b\u0103 lung\u0103 \u0219i s\u0103n\u0103toas\u0103.<\/li>\n\n\n\n<li><strong>Educa\u021bie de calitate<\/strong>Educa\u021bia este unul dintre pilonii dezvolt\u0103rii personale \u0219i sociale. O educa\u021bie de calitate nu numai c\u0103 \u00eei preg\u0103te\u0219te pe oameni pentru pia\u021ba muncii, dar promoveaz\u0103 \u0219i g\u00e2ndirea critic\u0103, cet\u0103\u021benia activ\u0103 \u0219i dezvoltarea abilit\u0103\u021bilor sociale \u0219i emo\u021bionale.<\/li>\n\n\n\n<li><strong>Locuin\u021be adecvate<\/strong>O locuin\u021b\u0103 sigur\u0103 \u0219i confortabil\u0103 este esen\u021bial\u0103 pentru bun\u0103stare. Locuin\u021ba influen\u021beaz\u0103 direct s\u0103n\u0103tatea fizic\u0103 \u0219i mental\u0103, fiind totodat\u0103 un spa\u021biu de protec\u021bie \u0219i intimitate pentru indivizi \u0219i familiile lor.<\/li>\n\n\n\n<li><strong>Integrare social\u0103 \u0219i participare comunitar\u0103<\/strong>Bun\u0103starea social\u0103 este legat\u0103 \u0219i de capacitatea indivizilor de a se integra \u00een societate \u0219i de a participa la via\u021ba comunit\u0103\u021bilor lor. Sentimentele de apartenen\u021b\u0103 \u0219i sprijinul social sunt cruciale pentru bun\u0103starea emo\u021bional\u0103 \u0219i psihologic\u0103.<\/li>\n\n\n\n<li><strong>Securitate \u0219i Justi\u021bie<\/strong>Via\u021ba \u00eentr-un mediu sigur, \u00een care drepturile omului sunt respectate \u0219i exist\u0103 \u00eencredere \u00een institu\u021biile judiciare, este, de asemenea, fundamental\u0103 pentru bun\u0103starea social\u0103. Aceasta include protec\u021bia \u00eempotriva violen\u021bei, discrimin\u0103rii \u0219i a oric\u0103rei forme de abuz.<\/li>\n<\/ol>\n\n\n\n<h3 class=\"wp-block-heading\">Importan\u021ba bun\u0103st\u0103rii sociale pentru dezvoltarea durabil\u0103<\/h3>\n\n\n\n<p>Bun\u0103starea social\u0103 este intrinsec legat\u0103 de dezvoltarea durabil\u0103. <\/p>\n\n\n\n<p>Conceptul de dezvoltare durabil\u0103 se refer\u0103 la o cre\u0219tere economic\u0103 \u0219i social\u0103 care satisface nevoile prezentului f\u0103r\u0103 a compromite capacitatea genera\u021biilor viitoare de a-\u0219i satisface propriile nevoi. <\/p>\n\n\n\n<p>\u00cen acest sens, promovarea bun\u0103st\u0103rii sociale este una dintre cele mai eficiente modalit\u0103\u021bi de a atinge sustenabilitatea.<\/p>\n\n\n\n<p>O societate \u00een care nevoile de baz\u0103 sunt satisf\u0103cute, \u00een care oamenii au acces la oportunit\u0103\u021bi \u0219i \u00een care exist\u0103 justi\u021bie social\u0103 tinde s\u0103 fie mai stabil\u0103 \u0219i mai rezistent\u0103. <\/p>\n\n\n\n<p>Pe de alt\u0103 parte, lipsa bun\u0103st\u0103rii sociale poate genera inegalit\u0103\u021bi, conflicte \u0219i instabilitate, ceea ce compromite dezvoltarea pe termen lung. <\/p>\n\n\n\n<p>Politicile publice care vizeaz\u0103 incluziunea social\u0103, reducerea s\u0103r\u0103ciei \u0219i promovarea egalit\u0103\u021bii de \u0219anse sunt esen\u021biale pentru construirea unei societ\u0103\u021bi mai echitabile \u0219i mai sustenabile.<\/p>\n\n\n\n<h3 class=\"wp-block-heading\">Provoc\u0103ri pentru promovarea bun\u0103st\u0103rii sociale<\/h3>\n\n\n\n<p>\u00cen ciuda importan\u021bei sale, bun\u0103starea social\u0103 se confrunt\u0103 cu numeroase provoc\u0103ri \u00een diferite p\u0103r\u021bi ale lumii. <\/p>\n\n\n\n<p>Inegalitatea economic\u0103 \u0219i social\u0103 este unul dintre cele mai mari obstacole \u00een calea promov\u0103rii unei societ\u0103\u021bi mai echitabile. <\/p>\n\n\n\n<p>\u00cen multe \u021b\u0103ri, mari p\u0103r\u021bi ale popula\u021biei \u00eenc\u0103 tr\u0103iesc \u00een condi\u021bii de s\u0103r\u0103cie extrem\u0103, f\u0103r\u0103 acces adecvat la servicii de baz\u0103, cum ar fi s\u0103n\u0103tatea \u0219i educa\u021bia.<\/p>\n\n\n\n<p>O alt\u0103 provocare semnificativ\u0103 este sustenabilitatea sistemelor de protec\u021bie social\u0103 \u00een contextul schimb\u0103rilor demografice. <\/p>\n\n\n\n<p>\u00cemb\u0103tr\u00e2nirea popula\u021biei, de exemplu, pune presiune asupra sistemelor de s\u0103n\u0103tate \u0219i securitate social\u0103, \u00een special \u00een \u021b\u0103rile \u00een care cre\u0219terea economic\u0103 nu \u021bine pasul cu nevoile tot mai mari.<\/p>\n\n\n\n<p>\u00cen plus, globalizarea \u0219i revolu\u021bia tehnologic\u0103 au, de asemenea, impacturi asupra bun\u0103st\u0103rii sociale. <\/p>\n\n\n\n<p>De\u0219i au adus beneficii \u00een ceea ce prive\u0219te inova\u021bia \u0219i cre\u0219terea economic\u0103. <\/p>\n\n\n\n<p>Aceste fenomene au generat, de asemenea, \u0219omaj \u00een sectoarele tradi\u021bionale \u0219i au crescut disparit\u0103\u021bile dintre diferite regiuni \u0219i grupuri sociale.<\/p>\n\n\n\n<h3 class=\"wp-block-heading\">Rolul statului \u0219i al societ\u0103\u021bii civile<\/h3>\n\n\n\n<p>Promovarea bun\u0103st\u0103rii sociale depinde de o combina\u021bie de politici publice eficiente \u0219i de participarea activ\u0103 a societ\u0103\u021bii civile. <\/p>\n\n\n\n<p>Statul are un rol central \u00een crearea de politici care garanteaz\u0103 protec\u021bia social\u0103 \u0219i redistribuirea resurselor, prin sisteme de securitate social\u0103, s\u0103n\u0103tate public\u0103, educa\u021bie universal\u0103 \u0219i programe de combatere a s\u0103r\u0103ciei.<\/p>\n\n\n\n<p>Pe de alt\u0103 parte, societatea civil\u0103, format\u0103 din ONG-uri, mi\u0219c\u0103ri sociale \u0219i cet\u0103\u021beni implica\u021bi, joac\u0103 un rol crucial \u00een ap\u0103rarea drepturilor sociale, monitorizarea politicilor publice \u0219i promovarea ini\u021biativelor care consolideaz\u0103 bun\u0103starea comunit\u0103\u021bilor. <\/p>\n\n\n\n<p>Colaborarea dintre sectorul public \u0219i cel privat \u0219i organiza\u021biile societ\u0103\u021bii civile este esen\u021bial\u0103 pentru a face fa\u021b\u0103 provoc\u0103rilor secolului XXI.<\/p>\n\n\n\n<h3 class=\"wp-block-heading\">Concluzie<\/h3>\n\n\n\n<p>Bun\u0103starea social\u0103 este unul dintre pilonii fundamentali pentru garantarea calit\u0103\u021bii vie\u021bii \u0219i a dezvolt\u0103rii durabile \u00een orice societate. <\/p>\n\n\n\n<p>A\u0219adar, de\u0219i exist\u0103 provoc\u0103ri semnificative \u00een calea promov\u0103rii sale, mai ales \u00eentr-o lume \u00een rapid\u0103 schimbare, angajamentul fa\u021b\u0103 de justi\u021bia social\u0103. <\/p>\n\n\n\n<p>Totu\u0219i, egalitatea de \u0219anse \u0219i protejarea drepturilor omului trebuie s\u0103 fie o prioritate pentru guverne, institu\u021bii \u0219i cet\u0103\u021beni. <\/p>\n\n\n\n<p>\u00cen cele din urm\u0103, numai a\u0219a va fi posibil\u0103 construirea unei societ\u0103\u021bi mai juste, incluzive \u0219i prospere pentru to\u021bi.<\/p>","protected":false},"excerpt":{"rendered":"<p>Bun\u0103starea social\u0103 este un concept larg \u0219i cu mai multe fa\u021bete, care cuprinde condi\u021biile necesare pentru a asigura o via\u021b\u0103 demn\u0103, sigur\u0103 \u0219i prosper\u0103 pentru indivizi din cadrul unei societ\u0103\u021bi. El\u2026 <\/p>","protected":false},"author":10,"featured_media":5210,"comment_status":"closed","ping_status":"open","sticky":false,"template":"","format":"standard","meta":{"footnotes":""},"categories":[1],"tags":[564,571,561,573,567,563,566,575,576,574,562,565,570,577,217,266,569,568,572,268],"class_list":["post-5208","post","type-post","status-publish","format-standard","has-post-thumbnail","hentry","category-curiosidade","tag-bem-estar-social","tag-desenvolvimento-social","tag-desenvolvimento-sustentavel","tag-desigualdade","tag-direitos-humanos","tag-educacao","tag-habitacao","tag-igualdade-de-oportunidades","tag-inclusao-social","tag-integracao-social","tag-justica-social","tag-pobreza","tag-politicas-publicas","tag-protecao-social","tag-qualidade-de-vida","tag-saude","tag-seguranca-e-justica","tag-seguranca-economica","tag-sociedade-civil","tag-sustentabilidade","latest_post"],"yoast_head":"<!-- This site is optimized with the Yoast SEO plugin v26.3 - https:\/\/yoast.com\/wordpress\/plugins\/seo\/ -->\n<title>Bem-estar Social: Um Pilar para a Qualidade de Vida - Clomid<\/title>\n<meta name=\"description\" content=\"O bem-estar social \u00e9 um conceito amplo e multifacetado que engloba as condi\u00e7\u00f5es necess\u00e1rias para garantir uma vida digna\" \/>\n<meta name=\"robots\" content=\"index, follow, max-snippet:-1, max-image-preview:large, max-video-preview:-1\" \/>\n<link rel=\"canonical\" href=\"https:\/\/clomid.live\/ro\/bem-estar-social-um-pilar-para-a-qualidade-de-vida\/5208\/\" \/>\n<meta property=\"og:locale\" content=\"ro_RO\" \/>\n<meta property=\"og:type\" content=\"article\" \/>\n<meta property=\"og:title\" content=\"Bem-estar Social: Um Pilar para a Qualidade de Vida - Clomid\" \/>\n<meta property=\"og:description\" content=\"O bem-estar social \u00e9 um conceito amplo e multifacetado que engloba as condi\u00e7\u00f5es necess\u00e1rias para garantir uma vida digna\" \/>\n<meta property=\"og:url\" content=\"https:\/\/clomid.live\/ro\/bem-estar-social-um-pilar-para-a-qualidade-de-vida\/5208\/\" \/>\n<meta property=\"og:site_name\" content=\"Clomid\" \/>\n<meta property=\"article:published_time\" content=\"2024-09-23T18:53:33+00:00\" \/>\n<meta property=\"article:modified_time\" content=\"2024-09-23T18:53:34+00:00\" \/>\n<meta property=\"og:image\" content=\"https:\/\/clomid.live\/wp-content\/uploads\/2024\/09\/DSC05556-scaled-1.webp\" \/>\n\t<meta property=\"og:image:width\" content=\"2560\" \/>\n\t<meta property=\"og:image:height\" content=\"1707\" \/>\n\t<meta property=\"og:image:type\" content=\"image\/webp\" \/>\n<meta name=\"author\" content=\"Admin\" \/>\n<meta name=\"twitter:card\" content=\"summary_large_image\" \/>\n<meta name=\"twitter:label1\" content=\"Scris de\" \/>\n\t<meta name=\"twitter:data1\" content=\"Admin\" \/>\n\t<meta name=\"twitter:label2\" content=\"Timp estimat pentru citire\" \/>\n\t<meta name=\"twitter:data2\" content=\"6 minute\" \/>\n<script type=\"application\/ld+json\" class=\"yoast-schema-graph\">{\"@context\":\"https:\/\/schema.org\",\"@graph\":[{\"@type\":\"WebPage\",\"@id\":\"https:\/\/clomid.live\/es\/bem-estar-social-um-pilar-para-a-qualidade-de-vida\/5208\/\",\"url\":\"https:\/\/clomid.live\/es\/bem-estar-social-um-pilar-para-a-qualidade-de-vida\/5208\/\",\"name\":\"Bem-estar Social: Um Pilar para a Qualidade de Vida - Clomid\",\"isPartOf\":{\"@id\":\"https:\/\/clomid.live\/#website\"},\"primaryImageOfPage\":{\"@id\":\"https:\/\/clomid.live\/es\/bem-estar-social-um-pilar-para-a-qualidade-de-vida\/5208\/#primaryimage\"},\"image\":{\"@id\":\"https:\/\/clomid.live\/es\/bem-estar-social-um-pilar-para-a-qualidade-de-vida\/5208\/#primaryimage\"},\"thumbnailUrl\":\"https:\/\/clomid.live\/wp-content\/uploads\/2024\/09\/DSC05556-scaled-1.webp\",\"datePublished\":\"2024-09-23T18:53:33+00:00\",\"dateModified\":\"2024-09-23T18:53:34+00:00\",\"author\":{\"@id\":\"https:\/\/clomid.live\/#\/schema\/person\/4ccb67d5b53b2fcd8bf4313b2373524e\"},\"description\":\"O bem-estar social \u00e9 um conceito amplo e multifacetado que engloba as condi\u00e7\u00f5es necess\u00e1rias para garantir uma vida digna\",\"breadcrumb\":{\"@id\":\"https:\/\/clomid.live\/es\/bem-estar-social-um-pilar-para-a-qualidade-de-vida\/5208\/#breadcrumb\"},\"inLanguage\":\"ro-RO\",\"potentialAction\":[{\"@type\":\"ReadAction\",\"target\":[\"https:\/\/clomid.live\/es\/bem-estar-social-um-pilar-para-a-qualidade-de-vida\/5208\/\"]}]},{\"@type\":\"ImageObject\",\"inLanguage\":\"ro-RO\",\"@id\":\"https:\/\/clomid.live\/es\/bem-estar-social-um-pilar-para-a-qualidade-de-vida\/5208\/#primaryimage\",\"url\":\"https:\/\/clomid.live\/wp-content\/uploads\/2024\/09\/DSC05556-scaled-1.webp\",\"contentUrl\":\"https:\/\/clomid.live\/wp-content\/uploads\/2024\/09\/DSC05556-scaled-1.webp\",\"width\":2560,\"height\":1707,\"caption\":\"Bem-estar Social\"},{\"@type\":\"BreadcrumbList\",\"@id\":\"https:\/\/clomid.live\/es\/bem-estar-social-um-pilar-para-a-qualidade-de-vida\/5208\/#breadcrumb\",\"itemListElement\":[{\"@type\":\"ListItem\",\"position\":1,\"name\":\"Home\",\"item\":\"https:\/\/clomid.live\/\"},{\"@type\":\"ListItem\",\"position\":2,\"name\":\"Bem-estar Social: Um Pilar para a Qualidade de Vida\"}]},{\"@type\":\"WebSite\",\"@id\":\"https:\/\/clomid.live\/#website\",\"url\":\"https:\/\/clomid.live\/\",\"name\":\"Clomid\",\"description\":\"\",\"potentialAction\":[{\"@type\":\"SearchAction\",\"target\":{\"@type\":\"EntryPoint\",\"urlTemplate\":\"https:\/\/clomid.live\/?s={search_term_string}\"},\"query-input\":{\"@type\":\"PropertyValueSpecification\",\"valueRequired\":true,\"valueName\":\"search_term_string\"}}],\"inLanguage\":\"ro-RO\"},{\"@type\":\"Person\",\"@id\":\"https:\/\/clomid.live\/#\/schema\/person\/4ccb67d5b53b2fcd8bf4313b2373524e\",\"name\":\"Admin\",\"image\":{\"@type\":\"ImageObject\",\"inLanguage\":\"ro-RO\",\"@id\":\"https:\/\/clomid.live\/#\/schema\/person\/image\/\",\"url\":\"https:\/\/clomid.live\/wp-content\/litespeed\/avatar\/ce2915c809a1ed29775d97a815a2d49d.jpg?ver=1777474503\",\"contentUrl\":\"https:\/\/clomid.live\/wp-content\/litespeed\/avatar\/ce2915c809a1ed29775d97a815a2d49d.jpg?ver=1777474503\",\"caption\":\"Admin\"},\"url\":\"https:\/\/clomid.live\/ro\/author\/admin\/\"}]}<\/script>\n<!-- \/ Yoast SEO plugin. -->","yoast_head_json":{"title":"Bem-estar Social: Um Pilar para a Qualidade de Vida - Clomid","description":"O bem-estar social \u00e9 um conceito amplo e multifacetado que engloba as condi\u00e7\u00f5es necess\u00e1rias para garantir uma vida digna","robots":{"index":"index","follow":"follow","max-snippet":"max-snippet:-1","max-image-preview":"max-image-preview:large","max-video-preview":"max-video-preview:-1"},"canonical":"https:\/\/clomid.live\/ro\/bem-estar-social-um-pilar-para-a-qualidade-de-vida\/5208\/","og_locale":"ro_RO","og_type":"article","og_title":"Bem-estar Social: Um Pilar para a Qualidade de Vida - Clomid","og_description":"O bem-estar social \u00e9 um conceito amplo e multifacetado que engloba as condi\u00e7\u00f5es necess\u00e1rias para garantir uma vida digna","og_url":"https:\/\/clomid.live\/ro\/bem-estar-social-um-pilar-para-a-qualidade-de-vida\/5208\/","og_site_name":"Clomid","article_published_time":"2024-09-23T18:53:33+00:00","article_modified_time":"2024-09-23T18:53:34+00:00","og_image":[{"width":2560,"height":1707,"url":"https:\/\/clomid.live\/wp-content\/uploads\/2024\/09\/DSC05556-scaled-1.webp","type":"image\/webp"}],"author":"Admin","twitter_card":"summary_large_image","twitter_misc":{"Scris de":"Admin","Timp estimat pentru citire":"6 minute"},"schema":{"@context":"https:\/\/schema.org","@graph":[{"@type":"WebPage","@id":"https:\/\/clomid.live\/es\/bem-estar-social-um-pilar-para-a-qualidade-de-vida\/5208\/","url":"https:\/\/clomid.live\/es\/bem-estar-social-um-pilar-para-a-qualidade-de-vida\/5208\/","name":"Bem-estar Social: Um Pilar para a Qualidade de Vida - Clomid","isPartOf":{"@id":"https:\/\/clomid.live\/#website"},"primaryImageOfPage":{"@id":"https:\/\/clomid.live\/es\/bem-estar-social-um-pilar-para-a-qualidade-de-vida\/5208\/#primaryimage"},"image":{"@id":"https:\/\/clomid.live\/es\/bem-estar-social-um-pilar-para-a-qualidade-de-vida\/5208\/#primaryimage"},"thumbnailUrl":"https:\/\/clomid.live\/wp-content\/uploads\/2024\/09\/DSC05556-scaled-1.webp","datePublished":"2024-09-23T18:53:33+00:00","dateModified":"2024-09-23T18:53:34+00:00","author":{"@id":"https:\/\/clomid.live\/#\/schema\/person\/4ccb67d5b53b2fcd8bf4313b2373524e"},"description":"O bem-estar social \u00e9 um conceito amplo e multifacetado que engloba as condi\u00e7\u00f5es necess\u00e1rias para garantir uma vida digna","breadcrumb":{"@id":"https:\/\/clomid.live\/es\/bem-estar-social-um-pilar-para-a-qualidade-de-vida\/5208\/#breadcrumb"},"inLanguage":"ro-RO","potentialAction":[{"@type":"ReadAction","target":["https:\/\/clomid.live\/es\/bem-estar-social-um-pilar-para-a-qualidade-de-vida\/5208\/"]}]},{"@type":"ImageObject","inLanguage":"ro-RO","@id":"https:\/\/clomid.live\/es\/bem-estar-social-um-pilar-para-a-qualidade-de-vida\/5208\/#primaryimage","url":"https:\/\/clomid.live\/wp-content\/uploads\/2024\/09\/DSC05556-scaled-1.webp","contentUrl":"https:\/\/clomid.live\/wp-content\/uploads\/2024\/09\/DSC05556-scaled-1.webp","width":2560,"height":1707,"caption":"Bem-estar Social"},{"@type":"BreadcrumbList","@id":"https:\/\/clomid.live\/es\/bem-estar-social-um-pilar-para-a-qualidade-de-vida\/5208\/#breadcrumb","itemListElement":[{"@type":"ListItem","position":1,"name":"Home","item":"https:\/\/clomid.live\/"},{"@type":"ListItem","position":2,"name":"Bem-estar Social: Um Pilar para a Qualidade de Vida"}]},{"@type":"WebSite","@id":"https:\/\/clomid.live\/#website","url":"https:\/\/clomid.live\/","name":"Clomid","description":"","potentialAction":[{"@type":"SearchAction","target":{"@type":"EntryPoint","urlTemplate":"https:\/\/clomid.live\/?s={search_term_string}"},"query-input":{"@type":"PropertyValueSpecification","valueRequired":true,"valueName":"search_term_string"}}],"inLanguage":"ro-RO"},{"@type":"Person","@id":"https:\/\/clomid.live\/#\/schema\/person\/4ccb67d5b53b2fcd8bf4313b2373524e","name":"Admin","image":{"@type":"ImageObject","inLanguage":"ro-RO","@id":"https:\/\/clomid.live\/#\/schema\/person\/image\/","url":"https:\/\/clomid.live\/wp-content\/litespeed\/avatar\/ce2915c809a1ed29775d97a815a2d49d.jpg?ver=1777474503","contentUrl":"https:\/\/clomid.live\/wp-content\/litespeed\/avatar\/ce2915c809a1ed29775d97a815a2d49d.jpg?ver=1777474503","caption":"Admin"},"url":"https:\/\/clomid.live\/ro\/author\/admin\/"}]}},"_links":{"self":[{"href":"https:\/\/clomid.live\/ro\/wp-json\/wp\/v2\/posts\/5208","targetHints":{"allow":["GET"]}}],"collection":[{"href":"https:\/\/clomid.live\/ro\/wp-json\/wp\/v2\/posts"}],"about":[{"href":"https:\/\/clomid.live\/ro\/wp-json\/wp\/v2\/types\/post"}],"author":[{"embeddable":true,"href":"https:\/\/clomid.live\/ro\/wp-json\/wp\/v2\/users\/10"}],"replies":[{"embeddable":true,"href":"https:\/\/clomid.live\/ro\/wp-json\/wp\/v2\/comments?post=5208"}],"version-history":[{"count":2,"href":"https:\/\/clomid.live\/ro\/wp-json\/wp\/v2\/posts\/5208\/revisions"}],"predecessor-version":[{"id":5211,"href":"https:\/\/clomid.live\/ro\/wp-json\/wp\/v2\/posts\/5208\/revisions\/5211"}],"wp:featuredmedia":[{"embeddable":true,"href":"https:\/\/clomid.live\/ro\/wp-json\/wp\/v2\/media\/5210"}],"wp:attachment":[{"href":"https:\/\/clomid.live\/ro\/wp-json\/wp\/v2\/media?parent=5208"}],"wp:term":[{"taxonomy":"category","embeddable":true,"href":"https:\/\/clomid.live\/ro\/wp-json\/wp\/v2\/categories?post=5208"},{"taxonomy":"post_tag","embeddable":true,"href":"https:\/\/clomid.live\/ro\/wp-json\/wp\/v2\/tags?post=5208"}],"curies":[{"name":"wp","href":"https:\/\/api.w.org\/{rel}","templated":true}]}}