{"id":5220,"date":"2024-09-23T16:50:58","date_gmt":"2024-09-23T19:50:58","guid":{"rendered":"https:\/\/clomid.live\/?p=5220"},"modified":"2024-09-23T16:50:59","modified_gmt":"2024-09-23T19:50:59","slug":"bem-estar-emocional-a-chave-para-uma-vida-plena","status":"publish","type":"post","link":"https:\/\/clomid.live\/ro\/bem-estar-emocional-a-chave-para-uma-vida-plena\/5220\/","title":{"rendered":"Bun\u0103starea emo\u021bional\u0103: cheia unei vie\u021bi \u00eemplinite"},"content":{"rendered":"<p>Bun\u0103starea emo\u021bional\u0103 este un concept care a c\u00e2\u0219tigat importan\u021b\u0103 \u00een ultimele decenii, pe m\u0103sur\u0103 ce societatea devine tot mai con\u0219tient\u0103 de importan\u021ba s\u0103n\u0103t\u0103\u021bii mintale. <\/p>\n\n\n\n<p>\u00centr-o lume din ce \u00een ce mai rapid\u0103 \u0219i plin\u0103 de provoc\u0103ri, cultivarea unei st\u0103ri emo\u021bionale s\u0103n\u0103toase este esen\u021bial\u0103 pentru a face fa\u021b\u0103 adversit\u0103\u021bii \u0219i a te bucura de o via\u021b\u0103 echilibrat\u0103 \u0219i plin\u0103 de satisfac\u021bii.<\/p>\n\n\n\n<h3 class=\"wp-block-heading\">Ce este bun\u0103starea emo\u021bional\u0103?<\/h3>\n\n\n\n<p>Bun\u0103starea emo\u021bional\u0103 se refer\u0103 la capacitatea noastr\u0103 de a gestiona emo\u021biile, de a face fa\u021b\u0103 stresului vie\u021bii, de a men\u021bine rela\u021bii s\u0103n\u0103toase \u0219i de a lua decizii care duc la o via\u021b\u0103 \u00eemplinit\u0103. <\/p>\n\n\n\n<p>Implic\u0103 \u00een\u021belegerea \u0219i acceptarea emo\u021biilor, at\u00e2t pozitive, c\u00e2t \u0219i negative, \u0219i capacitatea de a te reveni dup\u0103 situa\u021bii dificile.<\/p>\n\n\n\n<h3 class=\"wp-block-heading\">Importan\u021ba bun\u0103st\u0103rii emo\u021bionale<\/h3>\n\n\n\n<ol class=\"wp-block-list\">\n<li><strong>S\u0103n\u0103tate mintal\u0103<\/strong>O stare emo\u021bional\u0103 bun\u0103 este direct legat\u0103 de s\u0103n\u0103tatea mintal\u0103. Lipsa bun\u0103st\u0103rii emo\u021bionale poate duce la probleme precum depresia, anxietatea \u0219i stresul cronic. Grija fa\u021b\u0103 de s\u0103n\u0103tatea emo\u021bional\u0103 poate ajuta la prevenirea acestor tulbur\u0103ri \u0219i la promovarea unei vie\u021bi mai s\u0103n\u0103toase.<\/li>\n\n\n\n<li><strong>Rela\u021bii interpersonale<\/strong>Emo\u021biile noastre influen\u021beaz\u0103 modul \u00een care ne raport\u0103m la ceilal\u021bi. Persoanele cu o stare emo\u021bional\u0103 bun\u0103 tind s\u0103 aib\u0103 rela\u021bii mai s\u0103n\u0103toase \u0219i mai satisf\u0103c\u0103toare. Sunt mai empatice, comunicative \u0219i capabile s\u0103 rezolve conflictele \u00een mod constructiv.<\/li>\n\n\n\n<li><strong>Performan\u021b\u0103 profesional\u0103<\/strong>Bun\u0103starea emo\u021bional\u0103 are \u0219i un impact asupra productivit\u0103\u021bii la locul de munc\u0103. Profesioni\u0219tii care se simt bine din punct de vedere emo\u021bional tind s\u0103 fie mai motiva\u021bi, mai creativi \u0219i mai eficien\u021bi \u00een sarcinile lor. Gestionarea corect\u0103 a emo\u021biilor poate duce la un mediu de lucru mai armonios \u0219i mai colaborativ.<\/li>\n\n\n\n<li><strong>Calitatea vie\u021bii<\/strong>\u00cen cele din urm\u0103, bun\u0103starea emo\u021bional\u0103 este str\u00e2ns legat\u0103 de calitatea vie\u021bii. A te sim\u021bi bine cu tine \u00eensu\u021bi, a fi mul\u021bumit de via\u021b\u0103 \u0219i a avea o perspectiv\u0103 pozitiv\u0103 sunt componente fundamentale ale unei existen\u021be \u00eemplinite.<\/li>\n<\/ol>\n\n\n\n<h3 class=\"wp-block-heading\">Sfaturi pentru \u00eembun\u0103t\u0103\u021birea bun\u0103st\u0103rii emo\u021bionale<\/h3>\n\n\n\n<ol class=\"wp-block-list\">\n<li><strong>Practica\u021bi con\u0219tiin\u021ba de sine<\/strong>Acord\u0103-\u021bi timp s\u0103 reflectezi asupra emo\u021biilor tale. Identificarea a ceea ce sim\u021bi \u0219i a motivelor te poate ajuta s\u0103 \u00een\u021belegi mai bine reac\u021biile \u0219i comportamentele tale. Tehnici precum medita\u021bia \u0219i \u021binerea unui jurnal pot fi utile.<\/li>\n\n\n\n<li><strong>Dezvolta\u021bi rela\u021bii s\u0103n\u0103toase<\/strong>Cultiv\u0103 rela\u021bii care te sus\u021bin \u0219i te \u00eencurajeaz\u0103. Petrece timp cu oameni care \u00ee\u021bi aduc bucurie \u0219i pozitivitate \u00een via\u021b\u0103. Rela\u021biile interpersonale de calitate sunt unul dintre pilonii bun\u0103st\u0103rii emo\u021bionale.<\/li>\n\n\n\n<li><strong>Stabili\u021bi limite<\/strong>\u00cenva\u021b\u0103 s\u0103 spui nu atunci c\u00e2nd este necesar. Stabilirea unor limite s\u0103n\u0103toase \u00een rela\u021biile personale \u0219i profesionale poate preveni stresul \u0219i suprasolicitarea emo\u021bional\u0103.<\/li>\n\n\n\n<li><strong>Ai grij\u0103 de corpul t\u0103u<\/strong>S\u0103n\u0103tatea fizic\u0103 \u0219i s\u0103n\u0103tatea emo\u021bional\u0103 sunt interconectate. Practicarea regulat\u0103 a activit\u0103\u021bilor fizice, men\u021binerea unei diete echilibrate \u0219i un somn adecvat sunt obiceiuri care promoveaz\u0103 bun\u0103starea emo\u021bional\u0103.<\/li>\n\n\n\n<li><strong>C\u0103uta\u021bi sprijin<\/strong>Nu ezita s\u0103 ceri ajutor profesional atunci c\u00e2nd sim\u021bi c\u0103 ai nevoie de el. C\u0103utarea unui terapeut sau consilier poate fi foarte benefic\u0103 \u00een gestionarea emo\u021biilor dificile \u0219i \u00een dezvoltarea de strategii pentru a-\u021bi \u00eembun\u0103t\u0103\u021bi starea emo\u021bional\u0103.<\/li>\n\n\n\n<li><strong>Practica\u021bi recuno\u0219tin\u021ba<\/strong>Recunoa\u0219terea \u0219i aprecierea lucrurilor bune din via\u021b\u0103 \u00ee\u021bi pot schimba perspectiva \u0219i \u00ee\u021bi pot cre\u0219te nivelul de fericire. F\u0103-\u021bi un obicei din a scrie trei lucruri pentru care e\u0219ti recunosc\u0103tor \u00een fiecare zi.<\/li>\n<\/ol>\n\n\n\n<h3 class=\"wp-block-heading\">Concluzie<\/h3>\n\n\n\n<p>O <a href=\"https:\/\/www.unimedcampinas.com.br\/blog\/saude-emocional\/bem-estar-emocional-o-que-e-e-como-obter#:~:text=O%20que%20%C3%A9%20bem%2Destar,ou%20negativas%20%E2%80%94%20de%20maneira%20construtiva.\">bun\u0103starea emo\u021bional\u0103 este un aspect fundamental al s\u0103n\u0103t\u0103\u021bii generale<\/a> \u0219i ar trebui s\u0103 fie o prioritate \u00een via\u021ba noastr\u0103. <\/p>\n\n\n\n<p>Prin recunoa\u0219terea emo\u021biilor tale, cultivarea unor rela\u021bii s\u0103n\u0103toase \u0219i adoptarea unor obiceiuri care promoveaz\u0103 s\u0103n\u0103tatea fizic\u0103 \u0219i mental\u0103, po\u021bi crea o baz\u0103 solid\u0103 pentru o via\u021b\u0103 echilibrat\u0103 \u0219i \u00eemplinit\u0103. <\/p>\n\n\n\n<p>Aminti\u021bi-v\u0103 c\u0103 <a href=\"https:\/\/clomid.live\/ro\/5216\/bem-estar-familiar-a-base-para-uma-vida-saudavel-e-harmoniosa\/\">calea c\u0103tre bun\u0103stare<\/a> emo\u021bional\u0103 este o c\u0103l\u0103torie continu\u0103, plin\u0103 de \u00eenv\u0103\u021bare \u0219i descoperiri. <\/p>\n\n\n\n<p>Investind \u00een s\u0103n\u0103tatea ta emo\u021bional\u0103, nu numai c\u0103 \u00ee\u021bi \u00eembun\u0103t\u0103\u021be\u0219ti calitatea vie\u021bii, dar devii \u0219i o influen\u021b\u0103 pozitiv\u0103 asupra celor din jur.<\/p>","protected":false},"excerpt":{"rendered":"<p>Bun\u0103starea emo\u021bional\u0103 este un concept care a c\u00e2\u0219tigat proeminen\u021b\u0103 \u00een ultimele decenii, pe m\u0103sur\u0103 ce societatea devine mai con\u0219tient\u0103 de importan\u021ba s\u0103n\u0103t\u0103\u021bii mintale. \u00centr-o lume\u2026 <\/p>","protected":false},"author":10,"featured_media":5222,"comment_status":"closed","ping_status":"open","sticky":false,"template":"","format":"standard","meta":{"footnotes":""},"categories":[103],"tags":[612,611,608,218,609,217,550,117,212,610],"class_list":["post-5220","post","type-post","status-publish","format-standard","has-post-thumbnail","hentry","category-bem-estar","tag-autoconsciencia","tag-autocuidado","tag-bem-estar-emocional","tag-desenvolvimento-pessoal","tag-gratidao","tag-qualidade-de-vida","tag-relacionamentos-saudaveis","tag-saude-fisica","tag-saude-mental","tag-terapia","latest_post"],"yoast_head":"<!-- This site is optimized with the Yoast SEO plugin v26.3 - https:\/\/yoast.com\/wordpress\/plugins\/seo\/ -->\n<title>Bem-Estar Emocional: A Chave para uma Vida Plena - Clomid<\/title>\n<meta name=\"description\" content=\"O bem-estar emocional \u00e9 um conceito que vem ganhando destaque nas \u00faltimas d\u00e9cadas, \u00e0 medida que a sociedade.\" \/>\n<meta name=\"robots\" content=\"index, follow, max-snippet:-1, max-image-preview:large, max-video-preview:-1\" \/>\n<link rel=\"canonical\" href=\"https:\/\/clomid.live\/ro\/bem-estar-emocional-a-chave-para-uma-vida-plena\/5220\/\" \/>\n<meta property=\"og:locale\" content=\"ro_RO\" \/>\n<meta property=\"og:type\" content=\"article\" \/>\n<meta property=\"og:title\" content=\"Bem-Estar Emocional: A Chave para uma Vida Plena - Clomid\" \/>\n<meta property=\"og:description\" content=\"O bem-estar emocional \u00e9 um conceito que vem ganhando destaque nas \u00faltimas d\u00e9cadas, \u00e0 medida que a sociedade.\" \/>\n<meta property=\"og:url\" content=\"https:\/\/clomid.live\/ro\/bem-estar-emocional-a-chave-para-uma-vida-plena\/5220\/\" \/>\n<meta property=\"og:site_name\" content=\"Clomid\" \/>\n<meta property=\"article:published_time\" content=\"2024-09-23T19:50:58+00:00\" \/>\n<meta property=\"article:modified_time\" content=\"2024-09-23T19:50:59+00:00\" \/>\n<meta property=\"og:image\" content=\"https:\/\/clomid.live\/wp-content\/uploads\/2024\/09\/Bem_estar_emocional-scaled-1.webp\" \/>\n\t<meta property=\"og:image:width\" content=\"2560\" \/>\n\t<meta property=\"og:image:height\" content=\"1707\" \/>\n\t<meta property=\"og:image:type\" content=\"image\/webp\" \/>\n<meta name=\"author\" content=\"Admin\" \/>\n<meta name=\"twitter:card\" content=\"summary_large_image\" \/>\n<meta name=\"twitter:label1\" content=\"Scris de\" \/>\n\t<meta name=\"twitter:data1\" content=\"Admin\" \/>\n\t<meta name=\"twitter:label2\" content=\"Timp estimat pentru citire\" \/>\n\t<meta name=\"twitter:data2\" content=\"4 minute\" \/>\n<script type=\"application\/ld+json\" class=\"yoast-schema-graph\">{\"@context\":\"https:\/\/schema.org\",\"@graph\":[{\"@type\":\"WebPage\",\"@id\":\"https:\/\/clomid.live\/es\/bem-estar-emocional-a-chave-para-uma-vida-plena\/5220\/\",\"url\":\"https:\/\/clomid.live\/es\/bem-estar-emocional-a-chave-para-uma-vida-plena\/5220\/\",\"name\":\"Bem-Estar Emocional: A Chave para uma Vida Plena - Clomid\",\"isPartOf\":{\"@id\":\"https:\/\/clomid.live\/#website\"},\"primaryImageOfPage\":{\"@id\":\"https:\/\/clomid.live\/es\/bem-estar-emocional-a-chave-para-uma-vida-plena\/5220\/#primaryimage\"},\"image\":{\"@id\":\"https:\/\/clomid.live\/es\/bem-estar-emocional-a-chave-para-uma-vida-plena\/5220\/#primaryimage\"},\"thumbnailUrl\":\"https:\/\/clomid.live\/wp-content\/uploads\/2024\/09\/Bem_estar_emocional-scaled-1.webp\",\"datePublished\":\"2024-09-23T19:50:58+00:00\",\"dateModified\":\"2024-09-23T19:50:59+00:00\",\"author\":{\"@id\":\"https:\/\/clomid.live\/#\/schema\/person\/4ccb67d5b53b2fcd8bf4313b2373524e\"},\"description\":\"O bem-estar emocional \u00e9 um conceito que vem ganhando destaque nas \u00faltimas d\u00e9cadas, \u00e0 medida que a sociedade.\",\"breadcrumb\":{\"@id\":\"https:\/\/clomid.live\/es\/bem-estar-emocional-a-chave-para-uma-vida-plena\/5220\/#breadcrumb\"},\"inLanguage\":\"ro-RO\",\"potentialAction\":[{\"@type\":\"ReadAction\",\"target\":[\"https:\/\/clomid.live\/es\/bem-estar-emocional-a-chave-para-uma-vida-plena\/5220\/\"]}]},{\"@type\":\"ImageObject\",\"inLanguage\":\"ro-RO\",\"@id\":\"https:\/\/clomid.live\/es\/bem-estar-emocional-a-chave-para-uma-vida-plena\/5220\/#primaryimage\",\"url\":\"https:\/\/clomid.live\/wp-content\/uploads\/2024\/09\/Bem_estar_emocional-scaled-1.webp\",\"contentUrl\":\"https:\/\/clomid.live\/wp-content\/uploads\/2024\/09\/Bem_estar_emocional-scaled-1.webp\",\"width\":2560,\"height\":1707,\"caption\":\"Bem-Estar Emocional\"},{\"@type\":\"BreadcrumbList\",\"@id\":\"https:\/\/clomid.live\/es\/bem-estar-emocional-a-chave-para-uma-vida-plena\/5220\/#breadcrumb\",\"itemListElement\":[{\"@type\":\"ListItem\",\"position\":1,\"name\":\"Home\",\"item\":\"https:\/\/clomid.live\/\"},{\"@type\":\"ListItem\",\"position\":2,\"name\":\"Bem-Estar Emocional: A Chave para uma Vida Plena\"}]},{\"@type\":\"WebSite\",\"@id\":\"https:\/\/clomid.live\/#website\",\"url\":\"https:\/\/clomid.live\/\",\"name\":\"Clomid\",\"description\":\"\",\"potentialAction\":[{\"@type\":\"SearchAction\",\"target\":{\"@type\":\"EntryPoint\",\"urlTemplate\":\"https:\/\/clomid.live\/?s={search_term_string}\"},\"query-input\":{\"@type\":\"PropertyValueSpecification\",\"valueRequired\":true,\"valueName\":\"search_term_string\"}}],\"inLanguage\":\"ro-RO\"},{\"@type\":\"Person\",\"@id\":\"https:\/\/clomid.live\/#\/schema\/person\/4ccb67d5b53b2fcd8bf4313b2373524e\",\"name\":\"Admin\",\"image\":{\"@type\":\"ImageObject\",\"inLanguage\":\"ro-RO\",\"@id\":\"https:\/\/clomid.live\/#\/schema\/person\/image\/\",\"url\":\"https:\/\/clomid.live\/wp-content\/litespeed\/avatar\/ce2915c809a1ed29775d97a815a2d49d.jpg?ver=1777474503\",\"contentUrl\":\"https:\/\/clomid.live\/wp-content\/litespeed\/avatar\/ce2915c809a1ed29775d97a815a2d49d.jpg?ver=1777474503\",\"caption\":\"Admin\"},\"url\":\"https:\/\/clomid.live\/ro\/author\/admin\/\"}]}<\/script>\n<!-- \/ Yoast SEO plugin. -->","yoast_head_json":{"title":"Bem-Estar Emocional: A Chave para uma Vida Plena - Clomid","description":"O bem-estar emocional \u00e9 um conceito que vem ganhando destaque nas \u00faltimas d\u00e9cadas, \u00e0 medida que a sociedade.","robots":{"index":"index","follow":"follow","max-snippet":"max-snippet:-1","max-image-preview":"max-image-preview:large","max-video-preview":"max-video-preview:-1"},"canonical":"https:\/\/clomid.live\/ro\/bem-estar-emocional-a-chave-para-uma-vida-plena\/5220\/","og_locale":"ro_RO","og_type":"article","og_title":"Bem-Estar Emocional: A Chave para uma Vida Plena - Clomid","og_description":"O bem-estar emocional \u00e9 um conceito que vem ganhando destaque nas \u00faltimas d\u00e9cadas, \u00e0 medida que a sociedade.","og_url":"https:\/\/clomid.live\/ro\/bem-estar-emocional-a-chave-para-uma-vida-plena\/5220\/","og_site_name":"Clomid","article_published_time":"2024-09-23T19:50:58+00:00","article_modified_time":"2024-09-23T19:50:59+00:00","og_image":[{"width":2560,"height":1707,"url":"https:\/\/clomid.live\/wp-content\/uploads\/2024\/09\/Bem_estar_emocional-scaled-1.webp","type":"image\/webp"}],"author":"Admin","twitter_card":"summary_large_image","twitter_misc":{"Scris de":"Admin","Timp estimat pentru citire":"4 minute"},"schema":{"@context":"https:\/\/schema.org","@graph":[{"@type":"WebPage","@id":"https:\/\/clomid.live\/es\/bem-estar-emocional-a-chave-para-uma-vida-plena\/5220\/","url":"https:\/\/clomid.live\/es\/bem-estar-emocional-a-chave-para-uma-vida-plena\/5220\/","name":"Bem-Estar Emocional: A Chave para uma Vida Plena - Clomid","isPartOf":{"@id":"https:\/\/clomid.live\/#website"},"primaryImageOfPage":{"@id":"https:\/\/clomid.live\/es\/bem-estar-emocional-a-chave-para-uma-vida-plena\/5220\/#primaryimage"},"image":{"@id":"https:\/\/clomid.live\/es\/bem-estar-emocional-a-chave-para-uma-vida-plena\/5220\/#primaryimage"},"thumbnailUrl":"https:\/\/clomid.live\/wp-content\/uploads\/2024\/09\/Bem_estar_emocional-scaled-1.webp","datePublished":"2024-09-23T19:50:58+00:00","dateModified":"2024-09-23T19:50:59+00:00","author":{"@id":"https:\/\/clomid.live\/#\/schema\/person\/4ccb67d5b53b2fcd8bf4313b2373524e"},"description":"O bem-estar emocional \u00e9 um conceito que vem ganhando destaque nas \u00faltimas d\u00e9cadas, \u00e0 medida que a sociedade.","breadcrumb":{"@id":"https:\/\/clomid.live\/es\/bem-estar-emocional-a-chave-para-uma-vida-plena\/5220\/#breadcrumb"},"inLanguage":"ro-RO","potentialAction":[{"@type":"ReadAction","target":["https:\/\/clomid.live\/es\/bem-estar-emocional-a-chave-para-uma-vida-plena\/5220\/"]}]},{"@type":"ImageObject","inLanguage":"ro-RO","@id":"https:\/\/clomid.live\/es\/bem-estar-emocional-a-chave-para-uma-vida-plena\/5220\/#primaryimage","url":"https:\/\/clomid.live\/wp-content\/uploads\/2024\/09\/Bem_estar_emocional-scaled-1.webp","contentUrl":"https:\/\/clomid.live\/wp-content\/uploads\/2024\/09\/Bem_estar_emocional-scaled-1.webp","width":2560,"height":1707,"caption":"Bem-Estar Emocional"},{"@type":"BreadcrumbList","@id":"https:\/\/clomid.live\/es\/bem-estar-emocional-a-chave-para-uma-vida-plena\/5220\/#breadcrumb","itemListElement":[{"@type":"ListItem","position":1,"name":"Home","item":"https:\/\/clomid.live\/"},{"@type":"ListItem","position":2,"name":"Bem-Estar Emocional: A Chave para uma Vida Plena"}]},{"@type":"WebSite","@id":"https:\/\/clomid.live\/#website","url":"https:\/\/clomid.live\/","name":"Clomid","description":"","potentialAction":[{"@type":"SearchAction","target":{"@type":"EntryPoint","urlTemplate":"https:\/\/clomid.live\/?s={search_term_string}"},"query-input":{"@type":"PropertyValueSpecification","valueRequired":true,"valueName":"search_term_string"}}],"inLanguage":"ro-RO"},{"@type":"Person","@id":"https:\/\/clomid.live\/#\/schema\/person\/4ccb67d5b53b2fcd8bf4313b2373524e","name":"Admin","image":{"@type":"ImageObject","inLanguage":"ro-RO","@id":"https:\/\/clomid.live\/#\/schema\/person\/image\/","url":"https:\/\/clomid.live\/wp-content\/litespeed\/avatar\/ce2915c809a1ed29775d97a815a2d49d.jpg?ver=1777474503","contentUrl":"https:\/\/clomid.live\/wp-content\/litespeed\/avatar\/ce2915c809a1ed29775d97a815a2d49d.jpg?ver=1777474503","caption":"Admin"},"url":"https:\/\/clomid.live\/ro\/author\/admin\/"}]}},"_links":{"self":[{"href":"https:\/\/clomid.live\/ro\/wp-json\/wp\/v2\/posts\/5220","targetHints":{"allow":["GET"]}}],"collection":[{"href":"https:\/\/clomid.live\/ro\/wp-json\/wp\/v2\/posts"}],"about":[{"href":"https:\/\/clomid.live\/ro\/wp-json\/wp\/v2\/types\/post"}],"author":[{"embeddable":true,"href":"https:\/\/clomid.live\/ro\/wp-json\/wp\/v2\/users\/10"}],"replies":[{"embeddable":true,"href":"https:\/\/clomid.live\/ro\/wp-json\/wp\/v2\/comments?post=5220"}],"version-history":[{"count":1,"href":"https:\/\/clomid.live\/ro\/wp-json\/wp\/v2\/posts\/5220\/revisions"}],"predecessor-version":[{"id":5221,"href":"https:\/\/clomid.live\/ro\/wp-json\/wp\/v2\/posts\/5220\/revisions\/5221"}],"wp:featuredmedia":[{"embeddable":true,"href":"https:\/\/clomid.live\/ro\/wp-json\/wp\/v2\/media\/5222"}],"wp:attachment":[{"href":"https:\/\/clomid.live\/ro\/wp-json\/wp\/v2\/media?parent=5220"}],"wp:term":[{"taxonomy":"category","embeddable":true,"href":"https:\/\/clomid.live\/ro\/wp-json\/wp\/v2\/categories?post=5220"},{"taxonomy":"post_tag","embeddable":true,"href":"https:\/\/clomid.live\/ro\/wp-json\/wp\/v2\/tags?post=5220"}],"curies":[{"name":"wp","href":"https:\/\/api.w.org\/{rel}","templated":true}]}}