{"id":1450,"date":"2023-05-10T06:46:21","date_gmt":"2023-05-10T09:46:21","guid":{"rendered":"https:\/\/clomid.live\/1450\/por-que-e-mais-facil-nos-lembrarmos-das-coisas-ruins-do-que-das-boas"},"modified":"2023-05-10T06:46:21","modified_gmt":"2023-05-10T09:46:21","slug":"por-que-e-mais-facil-nos-lembrarmos-das-coisas-ruins-do-que-das-boas","status":"publish","type":"post","link":"https:\/\/clomid.live\/tr\/por-que-e-mais-facil-nos-lembrarmos-das-coisas-ruins-do-que-das-boas\/1450\/","title":{"rendered":"K\u00f6t\u00fc \u015feyleri hat\u0131rlamak neden iyi \u015feyleri hat\u0131rlamaktan daha kolayd\u0131r?"},"content":{"rendered":"<p><\/p>\n<div id=\"intext\">\n<p>Hepimiz bir noktada bunun bizim i\u00e7in neden daha kolay oldu\u011funu merak etmi\u015fizdir.<b> k\u00f6t\u00fcl\u00fc\u011f\u00fc hat\u0131rla<\/b> \u0130yi, bunu yapan tek ki\u015fi biz de\u011filiz. Bu, ilginizi \u00e7eken bir sorudur <b>Bilim <\/b>Uzun zamand\u0131r var olan ve \u00e7e\u015fitli a\u00e7\u0131klamalar \u00f6ne s\u00fcr\u00fclen. Peki neden k\u00f6t\u00fcy\u00fc hat\u0131rlamam\u0131z iyiyi hat\u0131rlamam\u0131zdan daha kolayd\u0131r?<\/p>\n<p>Olumsuz deneyimleri hat\u0131rlamak neden daha kolayd\u0131r?<\/p>\n<figure>\n  <picture><source media=\"(max-width:520px)\" srcset=\"https:\/\/fotografias.larazon.es\/clipping\/cmsimages01\/2019\/08\/08\/8C84AE75-F66F-4BFD-AAC6-B90585D710E3\/58.jpg?crop=2000,1134,x0,y100&amp;width=1000&amp;height=567&amp;optimize=high&amp;format=webply\"><source media=\"(max-width:1023px)\" srcset=\"https:\/\/fotografias.larazon.es\/clipping\/cmsimages01\/2019\/08\/08\/8C84AE75-F66F-4BFD-AAC6-B90585D710E3\/58.jpg?crop=2000,1134,x0,y100&amp;width=1000&amp;height=567&amp;optimize=high&amp;format=webply\"><source media=\"(min-width:1024px)\" srcset=\"https:\/\/fotografias.larazon.es\/clipping\/cmsimages01\/2019\/08\/08\/8C84AE75-F66F-4BFD-AAC6-B90585D710E3\/58.jpg?crop=2000,1134,x0,y100&amp;width=1000&amp;height=567&amp;optimize=high&amp;format=webply\"><!--[if IE 9]><\/video><![endif]--><br \/>\n  <img loading=\"lazy\" decoding=\"async\" src=\"https:\/\/fotografias.larazon.es\/clipping\/cmsimages01\/2019\/08\/08\/8C84AE75-F66F-4BFD-AAC6-B90585D710E3\/58.jpg?crop=2000,1134,x0,y100&amp;width=1000&amp;height=567&amp;optimize=high&amp;format=webply\" alt=\"Quando procuramos um beb\u00ea e sofremos um aborto, sentimos uma grande tristeza e muitas d\u00favidas nos assaltam.\" width=\"2000\" height=\"1335\"\/><figcaption>\n   <b>\u00c7ocuk sahibi olmak istedi\u011fimiz s\u0131rada d\u00fc\u015f\u00fck yapt\u0131\u011f\u0131m\u0131zda b\u00fcy\u00fck bir \u00fcz\u00fcnt\u00fc duyar\u0131z ve bir\u00e7ok \u015f\u00fcphe bizi sarar.<\/b> <span>nedeni<\/span><br \/>\n  <\/figcaption><\/source><\/source><\/source><\/picture>\n<\/figure>\n<p>K\u00f6t\u00fcl\u00fc\u011f\u00fc hat\u0131rlaman\u0131n daha kolay olmas\u0131n\u0131n nedenlerinden biri de \u015fudur: <b>olumsuz deneyimler<\/b> genellikle bir <b>daha b\u00fcy\u00fck duygusal etki<\/b> ve bu y\u00fczden onlar daha fazla <b>unutulmaz<\/b>. \u0130\u00e7in<b> yo\u011fun duygular<\/b>Hem olumlu hem de olumsuz duygular, daha n\u00f6tr duygulardan daha ak\u0131lda kal\u0131c\u0131 olma e\u011filimindedir. \u00d6rne\u011fin, korku ya da \u00fcz\u00fcnt\u00fc deneyimini, kay\u0131ts\u0131zl\u0131k ya da s\u0131k\u0131nt\u0131 deneyimini hat\u0131rlama olas\u0131l\u0131\u011f\u0131m\u0131zdan daha y\u00fcksektir. Ek olarak, olumsuz deneyimler de daha fazla olma e\u011filimindedir <b>beklenmedik <\/b>herhangi <b>ola\u011fan d\u0131\u015f\u0131<\/b>Bu da onlar\u0131 daha da unutulmaz k\u0131l\u0131yor. Bizim isteklerimize ayk\u0131r\u0131 bir \u015fey oldu\u011funda <b>beklentiler <\/b>veya normal olarak kabul etti\u011fimiz \u015feyleri hat\u0131rlama olas\u0131l\u0131\u011f\u0131m\u0131z daha y\u00fcksektir. \u00d6rne\u011fin, normal, rutin bir konu\u015fmadan ziyade bir arkada\u015f\u0131m\u0131zla yapt\u0131\u011f\u0131m\u0131z bir tart\u0131\u015fmay\u0131 hat\u0131rlama olas\u0131l\u0131\u011f\u0131m\u0131z daha y\u00fcksektir.<\/p>\n<p>K\u00f6t\u00fcl\u00fc\u011f\u00fc hat\u0131rlaman\u0131n daha kolay olmas\u0131n\u0131n bir di\u011fer nedeni de \u015fudur: <b>beyin <\/b>e\u011filimli <b>olumsuz uyaranlara daha fazla dikkat edin<\/b>. \u00c7\u00fcnk\u00fc bizim <b>sinir sistemi <\/b>daha fazla duyarl\u0131l\u0131\u011fa sahiptir <b>tehlike i\u015faretleri <\/b>ve bize yard\u0131m et <b>bizi koru <\/b>potansiyel durumlar <b>tehlikeli<\/b>. Bu nedenle, olumlu bir deneyimden \u00e7ok olumsuz bir deneyimi hat\u0131rlama olas\u0131l\u0131\u011f\u0131m\u0131z daha y\u00fcksektir. Ayr\u0131ca, \u015feyleri hat\u0131rlama \u015feklimiz de bizim <b>perspektif <\/b>ve bizimki <b>terc\u00fcme <\/b>ger\u00e7eklerin. Asl\u0131nda o kadar da olumsuz olmayan bir deneyimi, olaylara ili\u015fkin bak\u0131\u015f a\u00e7\u0131m\u0131z veya yorumumuz o y\u00f6nde oldu\u011fu i\u00e7in daha olumsuz hat\u0131rlayabiliriz.<\/p>\n<p>Olumlu deneyimleri nas\u0131l hat\u0131rlayabiliriz?<\/p>\n<figure>\n  <picture><source media=\"(max-width:520px)\" srcset=\"https:\/\/fotografias.larazon.es\/clipping\/cmsimages02\/2020\/01\/26\/59B58717-A1BE-4F7C-8401-C6FF48F04557\/58.jpg?crop=960,544,x0,y48&amp;width=1000&amp;height=567&amp;optimize=high&amp;format=webply\"><source media=\"(max-width:1023px)\" srcset=\"https:\/\/fotografias.larazon.es\/clipping\/cmsimages02\/2020\/01\/26\/59B58717-A1BE-4F7C-8401-C6FF48F04557\/58.jpg?crop=960,544,x0,y48&amp;width=1000&amp;height=567&amp;optimize=high&amp;format=webply\"><source media=\"(min-width:1024px)\" srcset=\"https:\/\/fotografias.larazon.es\/clipping\/cmsimages02\/2020\/01\/26\/59B58717-A1BE-4F7C-8401-C6FF48F04557\/58.jpg?crop=960,544,x0,y48&amp;width=1000&amp;height=567&amp;optimize=high&amp;format=webply\"><!--[if IE 9]><\/video><![endif]--><br \/>\n  <img loading=\"lazy\" decoding=\"async\" src=\"https:\/\/fotografias.larazon.es\/clipping\/cmsimages02\/2020\/01\/26\/59B58717-A1BE-4F7C-8401-C6FF48F04557\/58.jpg?crop=960,544,x0,y48&amp;width=1000&amp;height=567&amp;optimize=high&amp;format=webply\" alt=\"Se aprendermos a nos conhecer e incluir bons ingredientes em nossa \" dietamental\", podemos aproveitar o que a vida tem de melhor | banco imagens\" width =\"960\" height =\"640\"\/><figcaption>\n   <b>Kendimizi tan\u0131may\u0131 ve \u201czihinsel diyetimize\u201d iyi i\u00e7erikler eklemeyi \u00f6\u011frenirsek, hayat\u0131n bize sunabilece\u011fi en iyi \u015feylerin tad\u0131n\u0131 \u00e7\u0131karabiliriz | resim bankas\u0131<\/b> <span>nedeni<\/span> <span>sebebi \u015fudur<\/span><br \/>\n  <\/figcaption><\/source><\/source><\/source><\/picture>\n<\/figure>\n<p>K\u00f6t\u00fcy\u00fc hat\u0131rlaman\u0131n daha kolay oldu\u011funu ancak bunun iyiyi hat\u0131rlayamayaca\u011f\u0131m\u0131z anlam\u0131na gelmedi\u011fini belirtmek \u00f6nemlidir. Yayg\u0131n <b>\u00e7aba <\/b>bilin\u00e7li ve <b>pratik<\/b>, hem iyiyi hem de k\u00f6t\u00fcy\u00fc hat\u0131rlama yetene\u011fimizi geli\u015ftirebiliriz. \u00d6rne\u011fin, olumlu deneyimleri daha bilin\u00e7li ve daha detayl\u0131 bir \u015fekilde hat\u0131rlamaya \u00e7al\u0131\u015fabiliriz ve \u015funlar\u0131 kullanabiliriz: <b>g\u00f6rselle\u015ftirme veya a\u00e7\u0131klama teknikleri<\/b> daha iyi hat\u0131rlamam\u0131za yard\u0131mc\u0131 olmak i\u00e7in. Ayr\u0131ca olumlu bir tutuma sahip olmak ve hayat\u0131m\u0131zdaki iyi \u015feylere odaklanmaya \u00e7al\u0131\u015fmak \u00f6nemlidir. Bu, olumlu \u015feyleri daha iyi hat\u0131rlamam\u0131za ve deneyimlerimize daha dengeli bir bak\u0131\u015f a\u00e7\u0131s\u0131yla bakmam\u0131za yard\u0131mc\u0131 olabilir.<\/p>\n<p>\u0130yiyi hat\u0131rlama yetene\u011fimizi geli\u015ftirmenin bir ba\u015fka yolu da pratik yapmakt\u0131r <b>minnettarl\u0131k<\/b>. Minnettar oldu\u011fumuz \u015feyleri d\u00fc\u015f\u00fcnmeye zaman ay\u0131rarak, daha \u00e7ok olumlu \u015feylere odaklanabilir ve ba\u015f\u0131m\u0131za gelen iyi \u015feyleri daha iyi hat\u0131rlayabiliriz.<\/p>\n<p>Ayr\u0131ca bir tane olmas\u0131 da \u00f6nemlidir <b>iyi zihinsel ve duygusal sa\u011fl\u0131k<\/b>. O <b>depresyon <\/b>ve o <b>kronik stres<\/b> Bunlar hat\u0131rlama yetene\u011fimizi olumsuz y\u00f6nde etkileyebilir ve iyi \u015feyleri hat\u0131rlamam\u0131z\u0131 zorla\u015ft\u0131rabilir. pratik yap <b>meditasyon<\/b>the <b>derin nefes<\/b> di\u011ferleri <b>gev\u015feme teknikleri<\/b> stresi azaltmaya, ruh sa\u011fl\u0131\u011f\u0131m\u0131z\u0131 ve hat\u0131rlama yetene\u011fimizi geli\u015ftirmeye yard\u0131mc\u0131 olabilir.<\/p>\n<p>Sonu\u00e7 olarak, k\u00f6t\u00fcy\u00fc hat\u0131rlaman\u0131n iyiyi hat\u0131rlamaktan daha kolay olmas\u0131n\u0131n birka\u00e7 nedeni vard\u0131r. Bu \u015funlar\u0131 i\u00e7erir:<b> duygusal etki <\/b>olumsuz deneyimlerin, <b>dikkat <\/b>olumsuz uyaranlara ve \u015feyleri hat\u0131rlama \u015feklimize kendimizi \u00f6d\u00fcn\u00e7 veriyoruz <b>perspektif <\/b>ve bizimki <b>terc\u00fcme <\/b>ger\u00e7eklerin. Ancak \u015funu da belirtmek gerekir ki, bilin\u00e7li bir \u00e7aba ve pratikle hem iyiyi hem de k\u00f6t\u00fcy\u00fc hat\u0131rlama yetene\u011fimizi geli\u015ftirebilir ve hayat\u0131m\u0131za daha dengeli bir bak\u0131\u015f a\u00e7\u0131s\u0131yla bakabiliriz.<\/p>\n<\/p><\/div>","protected":false},"excerpt":{"rendered":"<p>Hepimiz zaman zaman k\u00f6t\u00fc \u015feyleri iyi \u015feylerden daha kolay hat\u0131rlamam\u0131z\u0131n nedenini merak etmi\u015fizdir. Bunu d\u00fc\u015f\u00fcnen tek ki\u015fi biz de\u011filiz. Bu bir sorudur\u2026 <\/p>","protected":false},"author":10,"featured_media":1451,"comment_status":"open","ping_status":"open","sticky":false,"template":"","format":"standard","meta":{"footnotes":""},"categories":[1],"tags":[],"class_list":["post-1450","post","type-post","status-publish","format-standard","has-post-thumbnail","hentry","category-curiosidade","latest_post"],"yoast_head":"<!-- This site is optimized with the Yoast SEO plugin v26.3 - https:\/\/yoast.com\/wordpress\/plugins\/seo\/ -->\n<title>Por que \u00e9 mais f\u00e1cil nos lembrarmos das coisas ruins do que das boas? - Clomid<\/title>\n<meta name=\"robots\" content=\"index, follow, max-snippet:-1, max-image-preview:large, max-video-preview:-1\" \/>\n<link rel=\"canonical\" href=\"https:\/\/clomid.live\/tr\/por-que-e-mais-facil-nos-lembrarmos-das-coisas-ruins-do-que-das-boas\/1450\/\" \/>\n<meta property=\"og:locale\" content=\"tr_TR\" \/>\n<meta property=\"og:type\" content=\"article\" \/>\n<meta property=\"og:title\" content=\"Por que \u00e9 mais f\u00e1cil nos lembrarmos das coisas ruins do que das boas? - Clomid\" \/>\n<meta property=\"og:description\" content=\"Todos n\u00f3s, em algum momento, nos perguntamos por que \u00e9 mais f\u00e1cil para n\u00f3s lembre-se do mal Isso \u00e9 bom, e n\u00e3o somos os \u00fanicos. Esta \u00e9 uma quest\u00e3o que &hellip;\" \/>\n<meta property=\"og:url\" content=\"https:\/\/clomid.live\/tr\/por-que-e-mais-facil-nos-lembrarmos-das-coisas-ruins-do-que-das-boas\/1450\/\" \/>\n<meta property=\"og:site_name\" content=\"Clomid\" \/>\n<meta property=\"article:published_time\" content=\"2023-05-10T09:46:21+00:00\" \/>\n<meta property=\"og:image\" content=\"https:\/\/clomid.live\/wp-content\/uploads\/https:\/\/fotografias.larazon.es\/clipping\/cmsimages02\/2020\/01\/19\/BE3803DE-4D8D-4454-9E6D-8CC1FCDA67F1\/69.jpg?crop=960,540,x0,y19&width=1280&height=720&optimize=low&format=jpg\" \/>\n\t<meta property=\"og:image:width\" content=\"1\" \/>\n\t<meta property=\"og:image:height\" content=\"1\" \/>\n\t<meta property=\"og:image:type\" content=\"image\/jpeg\" \/>\n<meta name=\"author\" content=\"Admin\" \/>\n<meta name=\"twitter:card\" content=\"summary_large_image\" \/>\n<meta name=\"twitter:label1\" content=\"Yazan:\" \/>\n\t<meta name=\"twitter:data1\" content=\"Admin\" \/>\n\t<meta name=\"twitter:label2\" content=\"Tahmini okuma s\u00fcresi\" \/>\n\t<meta name=\"twitter:data2\" content=\"4 dakika\" \/>\n<script type=\"application\/ld+json\" class=\"yoast-schema-graph\">{\"@context\":\"https:\/\/schema.org\",\"@graph\":[{\"@type\":\"WebPage\",\"@id\":\"https:\/\/clomid.live\/por-que-e-mais-facil-nos-lembrarmos-das-coisas-ruins-do-que-das-boas\/1450\/\",\"url\":\"https:\/\/clomid.live\/por-que-e-mais-facil-nos-lembrarmos-das-coisas-ruins-do-que-das-boas\/1450\/\",\"name\":\"Por que \u00e9 mais f\u00e1cil nos lembrarmos das coisas ruins do que das boas? - Clomid\",\"isPartOf\":{\"@id\":\"https:\/\/clomid.live\/#website\"},\"primaryImageOfPage\":{\"@id\":\"https:\/\/clomid.live\/por-que-e-mais-facil-nos-lembrarmos-das-coisas-ruins-do-que-das-boas\/1450\/#primaryimage\"},\"image\":{\"@id\":\"https:\/\/clomid.live\/por-que-e-mais-facil-nos-lembrarmos-das-coisas-ruins-do-que-das-boas\/1450\/#primaryimage\"},\"thumbnailUrl\":\"https:\/\/clomid.live\/wp-content\/uploads\/https:\/\/fotografias.larazon.es\/clipping\/cmsimages02\/2020\/01\/19\/BE3803DE-4D8D-4454-9E6D-8CC1FCDA67F1\/69.jpg?crop=960,540,x0,y19&width=1280&height=720&optimize=low&format=jpg\",\"datePublished\":\"2023-05-10T09:46:21+00:00\",\"author\":{\"@id\":\"https:\/\/clomid.live\/#\/schema\/person\/4ccb67d5b53b2fcd8bf4313b2373524e\"},\"breadcrumb\":{\"@id\":\"https:\/\/clomid.live\/por-que-e-mais-facil-nos-lembrarmos-das-coisas-ruins-do-que-das-boas\/1450\/#breadcrumb\"},\"inLanguage\":\"tr\",\"potentialAction\":[{\"@type\":\"ReadAction\",\"target\":[\"https:\/\/clomid.live\/por-que-e-mais-facil-nos-lembrarmos-das-coisas-ruins-do-que-das-boas\/1450\/\"]}]},{\"@type\":\"ImageObject\",\"inLanguage\":\"tr\",\"@id\":\"https:\/\/clomid.live\/por-que-e-mais-facil-nos-lembrarmos-das-coisas-ruins-do-que-das-boas\/1450\/#primaryimage\",\"url\":\"https:\/\/clomid.live\/wp-content\/uploads\/https:\/\/fotografias.larazon.es\/clipping\/cmsimages02\/2020\/01\/19\/BE3803DE-4D8D-4454-9E6D-8CC1FCDA67F1\/69.jpg?crop=960,540,x0,y19&width=1280&height=720&optimize=low&format=jpg\",\"contentUrl\":\"https:\/\/clomid.live\/wp-content\/uploads\/https:\/\/fotografias.larazon.es\/clipping\/cmsimages02\/2020\/01\/19\/BE3803DE-4D8D-4454-9E6D-8CC1FCDA67F1\/69.jpg?crop=960,540,x0,y19&width=1280&height=720&optimize=low&format=jpg\"},{\"@type\":\"BreadcrumbList\",\"@id\":\"https:\/\/clomid.live\/por-que-e-mais-facil-nos-lembrarmos-das-coisas-ruins-do-que-das-boas\/1450\/#breadcrumb\",\"itemListElement\":[{\"@type\":\"ListItem\",\"position\":1,\"name\":\"Home\",\"item\":\"https:\/\/clomid.live\/\"},{\"@type\":\"ListItem\",\"position\":2,\"name\":\"Por que \u00e9 mais f\u00e1cil nos lembrarmos das coisas ruins do que das boas?\"}]},{\"@type\":\"WebSite\",\"@id\":\"https:\/\/clomid.live\/#website\",\"url\":\"https:\/\/clomid.live\/\",\"name\":\"Clomid\",\"description\":\"\",\"potentialAction\":[{\"@type\":\"SearchAction\",\"target\":{\"@type\":\"EntryPoint\",\"urlTemplate\":\"https:\/\/clomid.live\/?s={search_term_string}\"},\"query-input\":{\"@type\":\"PropertyValueSpecification\",\"valueRequired\":true,\"valueName\":\"search_term_string\"}}],\"inLanguage\":\"tr\"},{\"@type\":\"Person\",\"@id\":\"https:\/\/clomid.live\/#\/schema\/person\/4ccb67d5b53b2fcd8bf4313b2373524e\",\"name\":\"Admin\",\"image\":{\"@type\":\"ImageObject\",\"inLanguage\":\"tr\",\"@id\":\"https:\/\/clomid.live\/#\/schema\/person\/image\/\",\"url\":\"https:\/\/clomid.live\/wp-content\/litespeed\/avatar\/ce2915c809a1ed29775d97a815a2d49d.jpg?ver=1777474503\",\"contentUrl\":\"https:\/\/clomid.live\/wp-content\/litespeed\/avatar\/ce2915c809a1ed29775d97a815a2d49d.jpg?ver=1777474503\",\"caption\":\"Admin\"},\"url\":\"https:\/\/clomid.live\/tr\/author\/admin\/\"}]}<\/script>\n<!-- \/ Yoast SEO plugin. -->","yoast_head_json":{"title":"Por que \u00e9 mais f\u00e1cil nos lembrarmos das coisas ruins do que das boas? - Clomid","robots":{"index":"index","follow":"follow","max-snippet":"max-snippet:-1","max-image-preview":"max-image-preview:large","max-video-preview":"max-video-preview:-1"},"canonical":"https:\/\/clomid.live\/tr\/por-que-e-mais-facil-nos-lembrarmos-das-coisas-ruins-do-que-das-boas\/1450\/","og_locale":"tr_TR","og_type":"article","og_title":"Por que \u00e9 mais f\u00e1cil nos lembrarmos das coisas ruins do que das boas? - Clomid","og_description":"Todos n\u00f3s, em algum momento, nos perguntamos por que \u00e9 mais f\u00e1cil para n\u00f3s lembre-se do mal Isso \u00e9 bom, e n\u00e3o somos os \u00fanicos. Esta \u00e9 uma quest\u00e3o que &hellip;","og_url":"https:\/\/clomid.live\/tr\/por-que-e-mais-facil-nos-lembrarmos-das-coisas-ruins-do-que-das-boas\/1450\/","og_site_name":"Clomid","article_published_time":"2023-05-10T09:46:21+00:00","og_image":[{"url":"https:\/\/clomid.live\/wp-content\/uploads\/https:\/\/fotografias.larazon.es\/clipping\/cmsimages02\/2020\/01\/19\/BE3803DE-4D8D-4454-9E6D-8CC1FCDA67F1\/69.jpg?crop=960,540,x0,y19&width=1280&height=720&optimize=low&format=jpg","width":1,"height":1,"type":"image\/jpeg"}],"author":"Admin","twitter_card":"summary_large_image","twitter_misc":{"Yazan:":"Admin","Tahmini okuma s\u00fcresi":"4 dakika"},"schema":{"@context":"https:\/\/schema.org","@graph":[{"@type":"WebPage","@id":"https:\/\/clomid.live\/por-que-e-mais-facil-nos-lembrarmos-das-coisas-ruins-do-que-das-boas\/1450\/","url":"https:\/\/clomid.live\/por-que-e-mais-facil-nos-lembrarmos-das-coisas-ruins-do-que-das-boas\/1450\/","name":"Por que \u00e9 mais f\u00e1cil nos lembrarmos das coisas ruins do que das boas? - Clomid","isPartOf":{"@id":"https:\/\/clomid.live\/#website"},"primaryImageOfPage":{"@id":"https:\/\/clomid.live\/por-que-e-mais-facil-nos-lembrarmos-das-coisas-ruins-do-que-das-boas\/1450\/#primaryimage"},"image":{"@id":"https:\/\/clomid.live\/por-que-e-mais-facil-nos-lembrarmos-das-coisas-ruins-do-que-das-boas\/1450\/#primaryimage"},"thumbnailUrl":"https:\/\/clomid.live\/wp-content\/uploads\/https:\/\/fotografias.larazon.es\/clipping\/cmsimages02\/2020\/01\/19\/BE3803DE-4D8D-4454-9E6D-8CC1FCDA67F1\/69.jpg?crop=960,540,x0,y19&width=1280&height=720&optimize=low&format=jpg","datePublished":"2023-05-10T09:46:21+00:00","author":{"@id":"https:\/\/clomid.live\/#\/schema\/person\/4ccb67d5b53b2fcd8bf4313b2373524e"},"breadcrumb":{"@id":"https:\/\/clomid.live\/por-que-e-mais-facil-nos-lembrarmos-das-coisas-ruins-do-que-das-boas\/1450\/#breadcrumb"},"inLanguage":"tr","potentialAction":[{"@type":"ReadAction","target":["https:\/\/clomid.live\/por-que-e-mais-facil-nos-lembrarmos-das-coisas-ruins-do-que-das-boas\/1450\/"]}]},{"@type":"ImageObject","inLanguage":"tr","@id":"https:\/\/clomid.live\/por-que-e-mais-facil-nos-lembrarmos-das-coisas-ruins-do-que-das-boas\/1450\/#primaryimage","url":"https:\/\/clomid.live\/wp-content\/uploads\/https:\/\/fotografias.larazon.es\/clipping\/cmsimages02\/2020\/01\/19\/BE3803DE-4D8D-4454-9E6D-8CC1FCDA67F1\/69.jpg?crop=960,540,x0,y19&width=1280&height=720&optimize=low&format=jpg","contentUrl":"https:\/\/clomid.live\/wp-content\/uploads\/https:\/\/fotografias.larazon.es\/clipping\/cmsimages02\/2020\/01\/19\/BE3803DE-4D8D-4454-9E6D-8CC1FCDA67F1\/69.jpg?crop=960,540,x0,y19&width=1280&height=720&optimize=low&format=jpg"},{"@type":"BreadcrumbList","@id":"https:\/\/clomid.live\/por-que-e-mais-facil-nos-lembrarmos-das-coisas-ruins-do-que-das-boas\/1450\/#breadcrumb","itemListElement":[{"@type":"ListItem","position":1,"name":"Home","item":"https:\/\/clomid.live\/"},{"@type":"ListItem","position":2,"name":"Por que \u00e9 mais f\u00e1cil nos lembrarmos das coisas ruins do que das boas?"}]},{"@type":"WebSite","@id":"https:\/\/clomid.live\/#website","url":"https:\/\/clomid.live\/","name":"Klomid","description":"","potentialAction":[{"@type":"SearchAction","target":{"@type":"EntryPoint","urlTemplate":"https:\/\/clomid.live\/?s={search_term_string}"},"query-input":{"@type":"PropertyValueSpecification","valueRequired":true,"valueName":"search_term_string"}}],"inLanguage":"tr"},{"@type":"Person","@id":"https:\/\/clomid.live\/#\/schema\/person\/4ccb67d5b53b2fcd8bf4313b2373524e","name":"Y\u00f6netici","image":{"@type":"ImageObject","inLanguage":"tr","@id":"https:\/\/clomid.live\/#\/schema\/person\/image\/","url":"https:\/\/clomid.live\/wp-content\/litespeed\/avatar\/ce2915c809a1ed29775d97a815a2d49d.jpg?ver=1777474503","contentUrl":"https:\/\/clomid.live\/wp-content\/litespeed\/avatar\/ce2915c809a1ed29775d97a815a2d49d.jpg?ver=1777474503","caption":"Admin"},"url":"https:\/\/clomid.live\/tr\/author\/admin\/"}]}},"_links":{"self":[{"href":"https:\/\/clomid.live\/tr\/wp-json\/wp\/v2\/posts\/1450","targetHints":{"allow":["GET"]}}],"collection":[{"href":"https:\/\/clomid.live\/tr\/wp-json\/wp\/v2\/posts"}],"about":[{"href":"https:\/\/clomid.live\/tr\/wp-json\/wp\/v2\/types\/post"}],"author":[{"embeddable":true,"href":"https:\/\/clomid.live\/tr\/wp-json\/wp\/v2\/users\/10"}],"replies":[{"embeddable":true,"href":"https:\/\/clomid.live\/tr\/wp-json\/wp\/v2\/comments?post=1450"}],"version-history":[{"count":0,"href":"https:\/\/clomid.live\/tr\/wp-json\/wp\/v2\/posts\/1450\/revisions"}],"wp:featuredmedia":[{"embeddable":true,"href":"https:\/\/clomid.live\/tr\/wp-json\/wp\/v2\/media\/1451"}],"wp:attachment":[{"href":"https:\/\/clomid.live\/tr\/wp-json\/wp\/v2\/media?parent=1450"}],"wp:term":[{"taxonomy":"category","embeddable":true,"href":"https:\/\/clomid.live\/tr\/wp-json\/wp\/v2\/categories?post=1450"},{"taxonomy":"post_tag","embeddable":true,"href":"https:\/\/clomid.live\/tr\/wp-json\/wp\/v2\/tags?post=1450"}],"curies":[{"name":"wp","href":"https:\/\/api.w.org\/{rel}","templated":true}]}}