{"id":5572,"date":"2025-01-24T12:28:52","date_gmt":"2025-01-24T15:28:52","guid":{"rendered":"https:\/\/clomid.live\/?p=5572"},"modified":"2025-01-29T17:32:36","modified_gmt":"2025-01-29T20:32:36","slug":"bundesliga-2","status":"publish","type":"post","link":"https:\/\/clomid.live\/tr\/bundesliga-2\/5572\/","title":{"rendered":"Bundesliga 2.Lig 2024\/2025"},"content":{"rendered":"<h2 class=\"wp-block-heading\"><strong>Giri\u015f: Bundesliga 2. Liginin B\u00fcy\u00fcleyici Etkisi<\/strong><\/h2>\n\n\n\n<p>THE <strong>Bundesliga 2. Lig<\/strong> Avrupa futbolunun en heyecanl\u0131 m\u00fcsabakalar\u0131ndan biri olarak \u00f6ne \u00e7\u0131k\u0131yor. <br>Yeni yetenekleri ortaya \u00e7\u0131karman\u0131n yan\u0131 s\u0131ra, olduk\u00e7a rekabet\u00e7i ve heyecanl\u0131 oyunlar da sunuyor.<\/p>\n\n\n\n<p>Bu k\u0131lavuzda, \u015funlar\u0131 ke\u015ffedece\u011fiz: <strong>tak\u0131mlar<\/strong> kat\u0131l\u0131mc\u0131lar, <strong>ana oyuncular<\/strong>ve nerede yapabilece\u011finizi <strong>ma\u00e7lar\u0131 izle<\/strong> canl\u0131.<\/p>\n\n\n\n<h2 class=\"wp-block-heading\"><strong>Bundesliga 2. Lig Tak\u0131mlar\u0131<\/strong><\/h2>\n\n\n\n<p>\u00d6ncelikle, ligde yar\u0131\u015fan kul\u00fcpleri bilmek \u00f6nemlidir. <strong>Bundesliga 2. Lig<\/strong>.<br> <br>2024\/2025 edisyonunda rekabeti daha da heyecanl\u0131 hale getiren geleneksel ve y\u00fckselen tak\u0131mlar yer al\u0131yor.<\/p>\n\n\n\n<h3 class=\"wp-block-heading\"><strong>Sezon Favorileri<\/strong><\/h3>\n\n\n\n<p>\u0130lk olarak, <strong>Hamburger SV<\/strong> b\u00fcy\u00fck favorilerden biri olarak kar\u015f\u0131m\u0131za \u00e7\u0131k\u0131yor. <br><br>En \u00fcst ligde k\u00f6kl\u00fc bir ge\u00e7mi\u015fe sahip olan kul\u00fcp, Alman futbolunun zirvesine geri d\u00f6nmeyi hedefliyor.<\/p>\n\n\n\n<p>\u0130kincisi, bizde var <strong>Fortuna D\u00fcsseldorf<\/strong>, tutarl\u0131l\u0131\u011f\u0131 ve dengeli oyuncu kadrosuyla tan\u0131n\u0131yor.<br> <br>Son olarak, <strong>1. FC Kaiserslautern<\/strong> ayn\u0131 zamanda terfi i\u00e7in g\u00fc\u00e7l\u00fc bir aday olma vaadinde bulunuyor.<\/p>\n\n\n\n<h3 class=\"wp-block-heading\"><strong>Umut vadeden kul\u00fcpler<\/strong><\/h3>\n\n\n\n<p>Ancak \u015funu da unutmamal\u0131y\u0131z ki; <strong>Karlsruher SC<\/strong> ve <strong>1. <\/strong><br><br><strong>FC Magdeburg<\/strong>Bu sezon dinamik bir futbol sergileyen ve dikkat \u00e7eken .<\/p>\n\n\n\n<h2 class=\"wp-block-heading\"><strong>2024\/2025 Sezonunun \u00d6nemli Oyuncular\u0131<\/strong><\/h2>\n\n\n\n<p>\u015eimdi, \u015funu vurgulayal\u0131m: <strong>ana oyuncular<\/strong> fark yaratanlar <a href=\"https:\/\/www.espn.com.br\/futebol\/classificacao\/_\/liga\/ger.2\"><strong>Bundesliga 2. Lig<\/strong>.<\/a><\/p>\n\n\n\n<h3 class=\"wp-block-heading\"><strong>Bireysel \u00d6ne \u00c7\u0131kanlar<\/strong><\/h3>\n\n\n\n<p>\u0130lk olarak sald\u0131rgan <strong>Robert Glatzel<\/strong>, itibaren <strong>Hamburger SV<\/strong>, h\u00fccumda referans olmaya devam ediyor ve skor tabelas\u0131n\u0131n ba\u015f\u0131nda yer al\u0131yor.<\/p>\n\n\n\n<p>Bir di\u011fer \u00f6nemli isim ise orta saha oyuncusu <strong>Daniel-Kofi Kyereh<\/strong>, itibaren <strong>SC Paderborn 07<\/strong>Yarat\u0131c\u0131l\u0131\u011f\u0131 ve becerisiyle g\u00f6z dolduran .<\/p>\n\n\n\n<p>Son olarak, savunma oyuncusu <strong>Christopher Schindler<\/strong>, itibaren <strong>N\u00fcrnberg<\/strong>, savunmada g\u00fcvenli\u011fi g\u00f6sterir ve tak\u0131m\u0131n performans\u0131 i\u00e7in temeldir.<\/p>\n\n\n\n<h2 class=\"wp-block-heading\"><strong>Bundesliga 2. Lig Ma\u00e7lar\u0131n\u0131 Nereden \u0130zleyebilirsiniz<\/strong><\/h2>\n\n\n\n<p>Ma\u00e7lar\u0131 canl\u0131 izlemek \u015f\u00fcphesiz ki t\u00fcm duygular\u0131 takip etmek i\u00e7in olmazsa olmazd\u0131r.<strong> 2. Lig<\/strong>.<\/p>\n\n\n\n<h3 class=\"wp-block-heading\"><strong>Canl\u0131 Yay\u0131nlar<\/strong><\/h3>\n\n\n\n<p>\u015eu anda \u015funlar\u0131 izleyebilirsiniz:<strong> 2. Lig<\/strong> gibi platformlarda <strong>ESPN<\/strong> ve <strong>Y\u0131ld\u0131z+<\/strong>.<br><br> Ayr\u0131ca, iletim yoluyla <strong>G\u00f6ky\u00fcz\u00fc Sporlar\u0131<\/strong> Avrupa&#039;da pop\u00fcler bir se\u00e7enektir.<\/p>\n\n\n\n<p>\u00d6te yandan Brezilya&#039;da baz\u0131 oyunlar\u0131 internet \u00fczerinden takip etmek m\u00fcmk\u00fcn. <strong>OneFootball<\/strong>\u00dccretsiz ve \u00fccretli yay\u0131nlar sunan .<\/p>\n\n\n\n<h3 class=\"wp-block-heading\"><strong>\u00c7evrimi\u00e7i Yay\u0131n<\/strong><\/h3>\n\n\n\n<p>Ba\u015fka bir alternatif ise platformlar\u0131 kullanmakt\u0131r <strong>\u00e7evrimi\u00e7i yay\u0131n<\/strong>, gibi <strong>FuboTV<\/strong> ve <strong>DAZN<\/strong>Futbol tutkunlar\u0131na \u00f6zel paketler sunan .<\/p>\n\n\n\n<h2 class=\"wp-block-heading\"><strong>Bundesliga 2. Ligini Desteklemenin Heyecan\u0131<\/strong><\/h2>\n\n\n\n<p>Son olarak, \u015funu takip edin: <strong> 2. Lig<\/strong> Benzersiz bir deneyim. <br><br>Taraf\u0131ndan olsun <strong>yetenekli oyuncular<\/strong>, taraf\u0131ndan <strong>tarihi tak\u0131mlar<\/strong>veya duygu dolu ma\u00e7lar i\u00e7in bu yar\u0131\u015fma futbolseverler i\u00e7in ger\u00e7ek bir \u015f\u00f6len.<\/p>\n\n\n\n<p>O halde favori tak\u0131m\u0131n\u0131z\u0131 se\u00e7in, ma\u00e7lar\u0131 takip edin ve tutkuyu ya\u015fay\u0131n. <a href=\"https:\/\/www.bundesliga.com\/pt\/2bundesliga\">Alman futbolu<\/a>!<\/p>","protected":false},"excerpt":{"rendered":"<p>Giri\u015f: Bundesliga 2. Liginin B\u00fcy\u00fcleyici Etkisi Bundesliga 2. Ligi, Avrupa futbolunun en heyecan verici m\u00fcsabakalar\u0131ndan biri olarak ortaya \u00e7\u0131km\u0131\u015ft\u0131r. Yeni yetenekleri ortaya \u00e7\u0131karman\u0131n yan\u0131 s\u0131ra, ayn\u0131 zamanda\u2026 <\/p>","protected":false},"author":9,"featured_media":5575,"comment_status":"closed","ping_status":"closed","sticky":false,"template":"","format":"standard","meta":{"footnotes":""},"categories":[4],"tags":[221,226,229,75,344],"class_list":["post-5572","post","type-post","status-publish","format-standard","has-post-thumbnail","hentry","category-aplicativo","tag-dazn","tag-espn-app","tag-futebol-ao-vivo","tag-pluto-tv","tag-streaming-de-futebol","latest_post"],"yoast_head":"<!-- This site is optimized with the Yoast SEO plugin v26.3 - https:\/\/yoast.com\/wordpress\/plugins\/seo\/ -->\n<title>Bundesliga 2\u00aa Divis\u00e3o 2024\/2025 - Clomid<\/title>\n<meta name=\"description\" content=\"Acompanhar a Bundesliga 2\u00aa Divis\u00e3o \u00e9 uma experi\u00eancia \u00fanica,partidas cheias de emo\u00e7\u00e3o,acompanhe os jogos e viva a paix\u00e3o do futebol alem\u00e3o!\" \/>\n<meta name=\"robots\" content=\"index, follow, max-snippet:-1, max-image-preview:large, max-video-preview:-1\" \/>\n<link rel=\"canonical\" href=\"https:\/\/clomid.live\/tr\/bundesliga-2\/5572\/\" \/>\n<meta property=\"og:locale\" content=\"tr_TR\" \/>\n<meta property=\"og:type\" content=\"article\" \/>\n<meta property=\"og:title\" content=\"Bundesliga 2\u00aa Divis\u00e3o 2024\/2025 - Clomid\" \/>\n<meta property=\"og:description\" content=\"Acompanhar a Bundesliga 2\u00aa Divis\u00e3o \u00e9 uma experi\u00eancia \u00fanica,partidas cheias de emo\u00e7\u00e3o,acompanhe os jogos e viva a paix\u00e3o do futebol alem\u00e3o!\" \/>\n<meta property=\"og:url\" content=\"https:\/\/clomid.live\/tr\/bundesliga-2\/5572\/\" \/>\n<meta property=\"og:site_name\" content=\"Clomid\" \/>\n<meta property=\"article:published_time\" content=\"2025-01-24T15:28:52+00:00\" \/>\n<meta property=\"article:modified_time\" content=\"2025-01-29T20:32:36+00:00\" \/>\n<meta property=\"og:image\" content=\"https:\/\/clomid.live\/wp-content\/uploads\/2025\/01\/DALL\u00b7E-2025-01-21-12.17.51-A-vibrant-and-high-resolution-promotional-image-for-the-2nd-Bundesliga-Bundesliga-2-featuring-a-dynamic-and-colorful-football-theme.-The-image-incl.webp\" \/>\n\t<meta property=\"og:image:width\" content=\"1024\" \/>\n\t<meta property=\"og:image:height\" content=\"1024\" \/>\n\t<meta property=\"og:image:type\" content=\"image\/webp\" \/>\n<meta name=\"author\" content=\"Lucas Soares\" \/>\n<meta name=\"twitter:card\" content=\"summary_large_image\" \/>\n<meta name=\"twitter:label1\" content=\"Yazan:\" \/>\n\t<meta name=\"twitter:data1\" content=\"Lucas Soares\" \/>\n\t<meta name=\"twitter:label2\" content=\"Tahmini okuma s\u00fcresi\" \/>\n\t<meta name=\"twitter:data2\" content=\"3 dakika\" \/>\n<script type=\"application\/ld+json\" class=\"yoast-schema-graph\">{\"@context\":\"https:\/\/schema.org\",\"@graph\":[{\"@type\":\"WebPage\",\"@id\":\"https:\/\/clomid.live\/es\/bundesliga-2\/5572\/\",\"url\":\"https:\/\/clomid.live\/es\/bundesliga-2\/5572\/\",\"name\":\"Bundesliga 2\u00aa Divis\u00e3o 2024\/2025 - Clomid\",\"isPartOf\":{\"@id\":\"https:\/\/clomid.live\/#website\"},\"primaryImageOfPage\":{\"@id\":\"https:\/\/clomid.live\/es\/bundesliga-2\/5572\/#primaryimage\"},\"image\":{\"@id\":\"https:\/\/clomid.live\/es\/bundesliga-2\/5572\/#primaryimage\"},\"thumbnailUrl\":\"https:\/\/clomid.live\/wp-content\/uploads\/2025\/01\/DALL\u00b7E-2025-01-21-12.17.51-A-vibrant-and-high-resolution-promotional-image-for-the-2nd-Bundesliga-Bundesliga-2-featuring-a-dynamic-and-colorful-football-theme.-The-image-incl.webp\",\"datePublished\":\"2025-01-24T15:28:52+00:00\",\"dateModified\":\"2025-01-29T20:32:36+00:00\",\"author\":{\"@id\":\"https:\/\/clomid.live\/#\/schema\/person\/70ea32e6a76d28dba47a3a452c31fc2a\"},\"description\":\"Acompanhar a Bundesliga 2\u00aa Divis\u00e3o \u00e9 uma experi\u00eancia \u00fanica,partidas cheias de emo\u00e7\u00e3o,acompanhe os jogos e viva a paix\u00e3o do futebol alem\u00e3o!\",\"breadcrumb\":{\"@id\":\"https:\/\/clomid.live\/es\/bundesliga-2\/5572\/#breadcrumb\"},\"inLanguage\":\"tr\",\"potentialAction\":[{\"@type\":\"ReadAction\",\"target\":[\"https:\/\/clomid.live\/es\/bundesliga-2\/5572\/\"]}]},{\"@type\":\"ImageObject\",\"inLanguage\":\"tr\",\"@id\":\"https:\/\/clomid.live\/es\/bundesliga-2\/5572\/#primaryimage\",\"url\":\"https:\/\/clomid.live\/wp-content\/uploads\/2025\/01\/DALL\u00b7E-2025-01-21-12.17.51-A-vibrant-and-high-resolution-promotional-image-for-the-2nd-Bundesliga-Bundesliga-2-featuring-a-dynamic-and-colorful-football-theme.-The-image-incl.webp\",\"contentUrl\":\"https:\/\/clomid.live\/wp-content\/uploads\/2025\/01\/DALL\u00b7E-2025-01-21-12.17.51-A-vibrant-and-high-resolution-promotional-image-for-the-2nd-Bundesliga-Bundesliga-2-featuring-a-dynamic-and-colorful-football-theme.-The-image-incl.webp\",\"width\":1024,\"height\":1024},{\"@type\":\"BreadcrumbList\",\"@id\":\"https:\/\/clomid.live\/es\/bundesliga-2\/5572\/#breadcrumb\",\"itemListElement\":[{\"@type\":\"ListItem\",\"position\":1,\"name\":\"Home\",\"item\":\"https:\/\/clomid.live\/\"},{\"@type\":\"ListItem\",\"position\":2,\"name\":\"Bundesliga 2\u00aa Divis\u00e3o 2024\/2025\"}]},{\"@type\":\"WebSite\",\"@id\":\"https:\/\/clomid.live\/#website\",\"url\":\"https:\/\/clomid.live\/\",\"name\":\"Clomid\",\"description\":\"\",\"potentialAction\":[{\"@type\":\"SearchAction\",\"target\":{\"@type\":\"EntryPoint\",\"urlTemplate\":\"https:\/\/clomid.live\/?s={search_term_string}\"},\"query-input\":{\"@type\":\"PropertyValueSpecification\",\"valueRequired\":true,\"valueName\":\"search_term_string\"}}],\"inLanguage\":\"tr\"},{\"@type\":\"Person\",\"@id\":\"https:\/\/clomid.live\/#\/schema\/person\/70ea32e6a76d28dba47a3a452c31fc2a\",\"name\":\"Lucas Soares\",\"image\":{\"@type\":\"ImageObject\",\"inLanguage\":\"tr\",\"@id\":\"https:\/\/clomid.live\/#\/schema\/person\/image\/\",\"url\":\"https:\/\/clomid.live\/wp-content\/litespeed\/avatar\/b9e66e03cd0c62b430bc3cdfa9e5573e.jpg?ver=1777475460\",\"contentUrl\":\"https:\/\/clomid.live\/wp-content\/litespeed\/avatar\/b9e66e03cd0c62b430bc3cdfa9e5573e.jpg?ver=1777475460\",\"caption\":\"Lucas Soares\"},\"url\":\"https:\/\/clomid.live\/tr\/author\/lucas-soares\/\"}]}<\/script>\n<!-- \/ Yoast SEO plugin. -->","yoast_head_json":{"title":"Bundesliga 2\u00aa Divis\u00e3o 2024\/2025 - Clomid","description":"Acompanhar a Bundesliga 2\u00aa Divis\u00e3o \u00e9 uma experi\u00eancia \u00fanica,partidas cheias de emo\u00e7\u00e3o,acompanhe os jogos e viva a paix\u00e3o do futebol alem\u00e3o!","robots":{"index":"index","follow":"follow","max-snippet":"max-snippet:-1","max-image-preview":"max-image-preview:large","max-video-preview":"max-video-preview:-1"},"canonical":"https:\/\/clomid.live\/tr\/bundesliga-2\/5572\/","og_locale":"tr_TR","og_type":"article","og_title":"Bundesliga 2\u00aa Divis\u00e3o 2024\/2025 - Clomid","og_description":"Acompanhar a Bundesliga 2\u00aa Divis\u00e3o \u00e9 uma experi\u00eancia \u00fanica,partidas cheias de emo\u00e7\u00e3o,acompanhe os jogos e viva a paix\u00e3o do futebol alem\u00e3o!","og_url":"https:\/\/clomid.live\/tr\/bundesliga-2\/5572\/","og_site_name":"Clomid","article_published_time":"2025-01-24T15:28:52+00:00","article_modified_time":"2025-01-29T20:32:36+00:00","og_image":[{"width":1024,"height":1024,"url":"https:\/\/clomid.live\/wp-content\/uploads\/2025\/01\/DALL\u00b7E-2025-01-21-12.17.51-A-vibrant-and-high-resolution-promotional-image-for-the-2nd-Bundesliga-Bundesliga-2-featuring-a-dynamic-and-colorful-football-theme.-The-image-incl.webp","type":"image\/webp"}],"author":"Lucas Soares","twitter_card":"summary_large_image","twitter_misc":{"Yazan:":"Lucas Soares","Tahmini okuma s\u00fcresi":"3 dakika"},"schema":{"@context":"https:\/\/schema.org","@graph":[{"@type":"WebPage","@id":"https:\/\/clomid.live\/es\/bundesliga-2\/5572\/","url":"https:\/\/clomid.live\/es\/bundesliga-2\/5572\/","name":"Bundesliga 2\u00aa Divis\u00e3o 2024\/2025 - Clomid","isPartOf":{"@id":"https:\/\/clomid.live\/#website"},"primaryImageOfPage":{"@id":"https:\/\/clomid.live\/es\/bundesliga-2\/5572\/#primaryimage"},"image":{"@id":"https:\/\/clomid.live\/es\/bundesliga-2\/5572\/#primaryimage"},"thumbnailUrl":"https:\/\/clomid.live\/wp-content\/uploads\/2025\/01\/DALL\u00b7E-2025-01-21-12.17.51-A-vibrant-and-high-resolution-promotional-image-for-the-2nd-Bundesliga-Bundesliga-2-featuring-a-dynamic-and-colorful-football-theme.-The-image-incl.webp","datePublished":"2025-01-24T15:28:52+00:00","dateModified":"2025-01-29T20:32:36+00:00","author":{"@id":"https:\/\/clomid.live\/#\/schema\/person\/70ea32e6a76d28dba47a3a452c31fc2a"},"description":"Acompanhar a Bundesliga 2\u00aa Divis\u00e3o \u00e9 uma experi\u00eancia \u00fanica,partidas cheias de emo\u00e7\u00e3o,acompanhe os jogos e viva a paix\u00e3o do futebol alem\u00e3o!","breadcrumb":{"@id":"https:\/\/clomid.live\/es\/bundesliga-2\/5572\/#breadcrumb"},"inLanguage":"tr","potentialAction":[{"@type":"ReadAction","target":["https:\/\/clomid.live\/es\/bundesliga-2\/5572\/"]}]},{"@type":"ImageObject","inLanguage":"tr","@id":"https:\/\/clomid.live\/es\/bundesliga-2\/5572\/#primaryimage","url":"https:\/\/clomid.live\/wp-content\/uploads\/2025\/01\/DALL\u00b7E-2025-01-21-12.17.51-A-vibrant-and-high-resolution-promotional-image-for-the-2nd-Bundesliga-Bundesliga-2-featuring-a-dynamic-and-colorful-football-theme.-The-image-incl.webp","contentUrl":"https:\/\/clomid.live\/wp-content\/uploads\/2025\/01\/DALL\u00b7E-2025-01-21-12.17.51-A-vibrant-and-high-resolution-promotional-image-for-the-2nd-Bundesliga-Bundesliga-2-featuring-a-dynamic-and-colorful-football-theme.-The-image-incl.webp","width":1024,"height":1024},{"@type":"BreadcrumbList","@id":"https:\/\/clomid.live\/es\/bundesliga-2\/5572\/#breadcrumb","itemListElement":[{"@type":"ListItem","position":1,"name":"Home","item":"https:\/\/clomid.live\/"},{"@type":"ListItem","position":2,"name":"Bundesliga 2\u00aa Divis\u00e3o 2024\/2025"}]},{"@type":"WebSite","@id":"https:\/\/clomid.live\/#website","url":"https:\/\/clomid.live\/","name":"Klomid","description":"","potentialAction":[{"@type":"SearchAction","target":{"@type":"EntryPoint","urlTemplate":"https:\/\/clomid.live\/?s={search_term_string}"},"query-input":{"@type":"PropertyValueSpecification","valueRequired":true,"valueName":"search_term_string"}}],"inLanguage":"tr"},{"@type":"Person","@id":"https:\/\/clomid.live\/#\/schema\/person\/70ea32e6a76d28dba47a3a452c31fc2a","name":"Lucas Soares","image":{"@type":"ImageObject","inLanguage":"tr","@id":"https:\/\/clomid.live\/#\/schema\/person\/image\/","url":"https:\/\/clomid.live\/wp-content\/litespeed\/avatar\/b9e66e03cd0c62b430bc3cdfa9e5573e.jpg?ver=1777475460","contentUrl":"https:\/\/clomid.live\/wp-content\/litespeed\/avatar\/b9e66e03cd0c62b430bc3cdfa9e5573e.jpg?ver=1777475460","caption":"Lucas Soares"},"url":"https:\/\/clomid.live\/tr\/author\/lucas-soares\/"}]}},"_links":{"self":[{"href":"https:\/\/clomid.live\/tr\/wp-json\/wp\/v2\/posts\/5572","targetHints":{"allow":["GET"]}}],"collection":[{"href":"https:\/\/clomid.live\/tr\/wp-json\/wp\/v2\/posts"}],"about":[{"href":"https:\/\/clomid.live\/tr\/wp-json\/wp\/v2\/types\/post"}],"author":[{"embeddable":true,"href":"https:\/\/clomid.live\/tr\/wp-json\/wp\/v2\/users\/9"}],"replies":[{"embeddable":true,"href":"https:\/\/clomid.live\/tr\/wp-json\/wp\/v2\/comments?post=5572"}],"version-history":[{"count":5,"href":"https:\/\/clomid.live\/tr\/wp-json\/wp\/v2\/posts\/5572\/revisions"}],"predecessor-version":[{"id":5615,"href":"https:\/\/clomid.live\/tr\/wp-json\/wp\/v2\/posts\/5572\/revisions\/5615"}],"wp:featuredmedia":[{"embeddable":true,"href":"https:\/\/clomid.live\/tr\/wp-json\/wp\/v2\/media\/5575"}],"wp:attachment":[{"href":"https:\/\/clomid.live\/tr\/wp-json\/wp\/v2\/media?parent=5572"}],"wp:term":[{"taxonomy":"category","embeddable":true,"href":"https:\/\/clomid.live\/tr\/wp-json\/wp\/v2\/categories?post=5572"},{"taxonomy":"post_tag","embeddable":true,"href":"https:\/\/clomid.live\/tr\/wp-json\/wp\/v2\/tags?post=5572"}],"curies":[{"name":"wp","href":"https:\/\/api.w.org\/{rel}","templated":true}]}}